{"id":96404,"date":"2020-12-22T02:47:15","date_gmt":"2020-12-22T05:47:15","guid":{"rendered":"http:\/\/blitzconquista.com.br\/?p=96404"},"modified":"2020-12-22T02:47:15","modified_gmt":"2020-12-22T05:47:15","slug":"alexandre-xando-e-movimentos-sociais-realizam-acao-solidaria-de-natal","status":"publish","type":"post","link":"https:\/\/blitzconquista.com.br\/?p=96404","title":{"rendered":"Alexandre Xand\u00f3 e movimentos sociais realizam a\u00e7\u00e3o solid\u00e1ria de Natal"},"content":{"rendered":"<div class=\"post-meta\">Por <a href=\"https:\/\/www.sudoestedigital.com\/2020\/12\/conquista-alexandre-xando-e-movimentos.html\">Sudoeste Digital<\/a><\/div>\n<div class=\"post-body post-content\">\n<div class=\"separator\"><img decoding=\"async\" loading=\"lazy\" class=\"aligncenter\" src=\"https:\/\/1.bp.blogspot.com\/-t5h4VSccrZ0\/X-D644kasaI\/AAAAAAAA8NA\/gfdJke1NC9QzALshlvG1eqWA03eQihsbACLcBGAsYHQ\/w400-h300\/WhatsApp%2BImage%2B2020-12-21%2Bat%2B10.09.56.jpeg\" width=\"400\" height=\"300\" border=\"0\" data-original-height=\"960\" data-original-width=\"1280\" \/><\/div>\n<p>No \u00faltimo s\u00e1bado, 19 de dezembro, aconteceu uma a\u00e7\u00e3o solid\u00e1ria na Vila Bem Querer, comunidade que fica nas proximidades da UESB, mas que ainda \u00e9 muito desassistida pelo poder p\u00fablico.<\/p>\n<p><a name=\"more\"><\/a><\/p>\n<div class=\"separator\"><a href=\"https:\/\/1.bp.blogspot.com\/-Itku3PKdCMA\/X-D7IHvNoYI\/AAAAAAAA8NE\/TPa7Zm_mCHAJXq6AuXYiykI6hFHVZex9QCLcBGAsYHQ\/s812\/WhatsApp%2BImage%2B2020-12-21%2Bat%2B10.09.57.jpeg\"><img decoding=\"async\" loading=\"lazy\" class=\"aligncenter\" src=\"https:\/\/1.bp.blogspot.com\/-Itku3PKdCMA\/X-D7IHvNoYI\/AAAAAAAA8NE\/TPa7Zm_mCHAJXq6AuXYiykI6hFHVZex9QCLcBGAsYHQ\/w400-h400\/WhatsApp%2BImage%2B2020-12-21%2Bat%2B10.09.57.jpeg\" width=\"400\" height=\"400\" border=\"0\" data-original-height=\"811\" data-original-width=\"812\" \/><\/a><\/div>\n<p>atividade, que contou com servi\u00e7os de sa\u00fade e brincadeiras para as crian\u00e7as, foi promovida pelo Vereador eleito Alexandre Xand\u00f3, pela campanha Periferia Viva, Levante Popular da Juventude, Consulta Popular, MTD &#8211; Movimento das Trabalhadoras e Trabalhadores por Direitos, ONG Acolher, e por lideran\u00e7as comunit\u00e1rias locais. | Ascom<\/p>\n<div class=\"separator\"><a href=\"https:\/\/1.bp.blogspot.com\/-8GmGgpiDFAY\/X-D7SzWh5PI\/AAAAAAAA8NQ\/Vb0VFHpyUOECL8jjh-AAyhnI_x2TBlw3gCLcBGAsYHQ\/s1280\/WhatsApp%2BImage%2B2020-12-21%2Bat%2B10.09.58%2B%25281%2529.jpeg\"><img decoding=\"async\" class=\"aligncenter\" src=\"https:\/\/1.bp.blogspot.com\/-8GmGgpiDFAY\/X-D7SzWh5PI\/AAAAAAAA8NQ\/Vb0VFHpyUOECL8jjh-AAyhnI_x2TBlw3gCLcBGAsYHQ\/s320\/WhatsApp%2BImage%2B2020-12-21%2Bat%2B10.09.58%2B%25281%2529.jpeg\" height=\"320\" border=\"0\" data-original-height=\"1280\" data-original-width=\"720\" \/><\/a><\/div>\n<div class=\"separator\"><a href=\"https:\/\/1.bp.blogspot.com\/-G05B-ZZ3bTI\/X-D7S_cdTUI\/AAAAAAAA8NM\/nzbigAfRXukNupeXnzhF5cpgcGUkD6NHwCLcBGAsYHQ\/s1280\/WhatsApp%2BImage%2B2020-12-21%2Bat%2B10.09.58.jpeg\"><img decoding=\"async\" class=\"aligncenter\" src=\"https:\/\/1.bp.blogspot.com\/-G05B-ZZ3bTI\/X-D7S_cdTUI\/AAAAAAAA8NM\/nzbigAfRXukNupeXnzhF5cpgcGUkD6NHwCLcBGAsYHQ\/s320\/WhatsApp%2BImage%2B2020-12-21%2Bat%2B10.09.58.jpeg\" height=\"320\" border=\"0\" data-original-height=\"1280\" data-original-width=\"720\" \/><\/a><\/div>\n<div class=\"separator\"><a href=\"https:\/\/1.bp.blogspot.com\/-QmQAY8GznYw\/X-D7S2OErcI\/AAAAAAAA8NU\/4vzA0ox2v9oP1QtIjo3z1bIvQJMUSi6PwCLcBGAsYHQ\/s1280\/WhatsApp%2BImage%2B2020-12-21%2Bat%2B10.49.31.jpeg\"><img decoding=\"async\" class=\"aligncenter\" src=\"https:\/\/1.bp.blogspot.com\/-QmQAY8GznYw\/X-D7S2OErcI\/AAAAAAAA8NU\/4vzA0ox2v9oP1QtIjo3z1bIvQJMUSi6PwCLcBGAsYHQ\/s320\/WhatsApp%2BImage%2B2020-12-21%2Bat%2B10.49.31.jpeg\" width=\"320\" border=\"0\" data-original-height=\"960\" data-original-width=\"1280\" \/><\/a><\/div>\n<div class=\"separator\"><a href=\"https:\/\/1.bp.blogspot.com\/-l2vvGcyxJMg\/X-D7Tyx4ZoI\/AAAAAAAA8NY\/sY58ug_VniEMHy_wylVmi40R0jIE2nx_ACLcBGAsYHQ\/s1280\/WhatsApp%2BImage%2B2020-12-21%2Bat%2B10.49.32.jpeg\"><img decoding=\"async\" class=\"aligncenter\" src=\"https:\/\/1.bp.blogspot.com\/-l2vvGcyxJMg\/X-D7Tyx4ZoI\/AAAAAAAA8NY\/sY58ug_VniEMHy_wylVmi40R0jIE2nx_ACLcBGAsYHQ\/s320\/WhatsApp%2BImage%2B2020-12-21%2Bat%2B10.49.32.jpeg\" height=\"320\" border=\"0\" data-original-height=\"1280\" data-original-width=\"960\" \/><\/a><\/div>\n<\/div>\n<div class=\"addtoany_container\">\n<div class=\"a2a_kit a2a_kit_size_32 a2a_default_style a2a_target_blogger_widgets\" style=\"text-align: center;\"><a class=\"a2a_button_facebook\" href=\"https:\/\/www.sudoestedigital.com\/#facebook\" target=\"_blank\" rel=\"nofollow noopener noreferrer\"><span class=\"a2a_label\">Facebook<\/span><\/a><a class=\"a2a_button_facebook_messenger\" href=\"https:\/\/www.sudoestedigital.com\/#facebook_messenger\" target=\"_blank\" rel=\"nofollow noopener noreferrer\"><span class=\"a2a_label\">Facebook Messenger<\/span><\/a><a class=\"a2a_button_whatsapp\" href=\"https:\/\/www.sudoestedigital.com\/#whatsapp\" target=\"_blank\" rel=\"nofollow noopener noreferrer\"><span class=\"a2a_label\">WhatsApp<\/span><\/a><a class=\"a2a_button_twitter\" href=\"https:\/\/www.sudoestedigital.com\/#twitter\" target=\"_blank\" rel=\"nofollow noopener noreferrer\"><span class=\"a2a_label\">Twitter<\/span><\/a><a class=\"a2a_button_tumbrl\" href=\"https:\/\/www.sudoestedigital.com\/#tumbrl\" target=\"_blank\" rel=\"nofollow noopener noreferrer\"><span class=\"a2a_label\">tumbrl<\/span><\/a><\/div>\n<\/div>\n","protected":false},"excerpt":{"rendered":"<p>Por Sudoeste Digital No \u00faltimo s\u00e1bado, 19 de dezembro, aconteceu uma a\u00e7\u00e3o solid\u00e1ria na Vila Bem Querer, comunidade que fica nas proximidades da UESB, mas que ainda \u00e9 muito desassistida pelo poder p\u00fablico. atividade, que contou com servi\u00e7os de sa\u00fade e brincadeiras para as crian\u00e7as, foi promovida pelo Vereador eleito Alexandre Xand\u00f3, pela campanha Periferia [&hellip;]<\/p>\n","protected":false},"author":1,"featured_media":96406,"comment_status":"closed","ping_status":"closed","sticky":false,"template":"","format":"standard","meta":[],"categories":[4],"tags":[],"_links":{"self":[{"href":"https:\/\/blitzconquista.com.br\/index.php?rest_route=\/wp\/v2\/posts\/96404"}],"collection":[{"href":"https:\/\/blitzconquista.com.br\/index.php?rest_route=\/wp\/v2\/posts"}],"about":[{"href":"https:\/\/blitzconquista.com.br\/index.php?rest_route=\/wp\/v2\/types\/post"}],"author":[{"embeddable":true,"href":"https:\/\/blitzconquista.com.br\/index.php?rest_route=\/wp\/v2\/users\/1"}],"replies":[{"embeddable":true,"href":"https:\/\/blitzconquista.com.br\/index.php?rest_route=%2Fwp%2Fv2%2Fcomments&post=96404"}],"version-history":[{"count":1,"href":"https:\/\/blitzconquista.com.br\/index.php?rest_route=\/wp\/v2\/posts\/96404\/revisions"}],"predecessor-version":[{"id":96407,"href":"https:\/\/blitzconquista.com.br\/index.php?rest_route=\/wp\/v2\/posts\/96404\/revisions\/96407"}],"wp:featuredmedia":[{"embeddable":true,"href":"https:\/\/blitzconquista.com.br\/index.php?rest_route=\/wp\/v2\/media\/96406"}],"wp:attachment":[{"href":"https:\/\/blitzconquista.com.br\/index.php?rest_route=%2Fwp%2Fv2%2Fmedia&parent=96404"}],"wp:term":[{"taxonomy":"category","embeddable":true,"href":"https:\/\/blitzconquista.com.br\/index.php?rest_route=%2Fwp%2Fv2%2Fcategories&post=96404"},{"taxonomy":"post_tag","embeddable":true,"href":"https:\/\/blitzconquista.com.br\/index.php?rest_route=%2Fwp%2Fv2%2Ftags&post=96404"}],"curies":[{"name":"wp","href":"https:\/\/api.w.org\/{rel}","templated":true}]}}