{"id":96514,"date":"2020-12-26T09:49:57","date_gmt":"2020-12-26T12:49:57","guid":{"rendered":"http:\/\/blitzconquista.com.br\/?p=96514"},"modified":"2020-12-26T11:24:29","modified_gmt":"2020-12-26T14:24:29","slug":"grandes-nomes-da-nossa-historia-carlos-jehovah-agora-na-uti-do-hospital-de-base-em-estado-grave","status":"publish","type":"post","link":"https:\/\/blitzconquista.com.br\/?p=96514","title":{"rendered":"Grandes nomes da nossa hist\u00f3ria: Carlos Jehovah; agora na UTI do hospital de Base em estado grave"},"content":{"rendered":"<p align=\"center\"><em><b>Carlos Jehovah, deu entrada no hospital de Base de Vit\u00f3ria da Conquista em estado que inspirava cuidados em\u00a0 Unidade de Terapia\u00a0 \u00a0Intensiva (UTI)\u00a0 os cuidados j\u00e1 foram tomados e o quadro do poeta e escritor\u00a0 conquistense \u00e9 est\u00e1vel.<\/b><\/em><\/p>\n<p align=\"justify\"><img decoding=\"async\" loading=\"lazy\" class=\"aligncenter size-full wp-image-27366\" src=\"http:\/\/www.blogdopaulonunes.com\/v4\/wp-content\/uploads\/2018\/03\/Carlos-jehovah.jpg\" alt=\"\" width=\"500\" height=\"268\" \/><\/p>\n<p align=\"justify\">Nasceu em Vit\u00f3ria da Conquista a 7 de novembro de 1944. Filho de Jos\u00e9 Alexandre Leite e Vald\u00edvia Gondim Leite. Assume uma postura de inconformismo diante do movimento cultural de sua terra. Sua poesia extrapola as fronteiras do lugar comum para buscar express\u00e3o pr\u00f3pria. V\u00ea-se nele, em primeiro plano, o poeta e escritor, al\u00e9m de grande incentivador cultural.<\/p>\n<p align=\"justify\">Informa\u00e7\u00f5es recentes indicam que o quadro de sa\u00fade do poeta decorre de pneumonia, e n\u00e3o de covid-19, como se especula em redes sociais.<\/p>\n","protected":false},"excerpt":{"rendered":"<p>Carlos Jehovah, deu entrada no hospital de Base de Vit\u00f3ria da Conquista em estado que inspirava cuidados em\u00a0 Unidade de Terapia\u00a0 \u00a0Intensiva (UTI)\u00a0 os cuidados j\u00e1 foram tomados e o quadro do poeta e escritor\u00a0 conquistense \u00e9 est\u00e1vel. Nasceu em Vit\u00f3ria da Conquista a 7 de novembro de 1944. Filho de Jos\u00e9 Alexandre Leite e [&hellip;]<\/p>\n","protected":false},"author":1,"featured_media":96516,"comment_status":"closed","ping_status":"closed","sticky":false,"template":"","format":"standard","meta":[],"categories":[1,212],"tags":[],"_links":{"self":[{"href":"https:\/\/blitzconquista.com.br\/index.php?rest_route=\/wp\/v2\/posts\/96514"}],"collection":[{"href":"https:\/\/blitzconquista.com.br\/index.php?rest_route=\/wp\/v2\/posts"}],"about":[{"href":"https:\/\/blitzconquista.com.br\/index.php?rest_route=\/wp\/v2\/types\/post"}],"author":[{"embeddable":true,"href":"https:\/\/blitzconquista.com.br\/index.php?rest_route=\/wp\/v2\/users\/1"}],"replies":[{"embeddable":true,"href":"https:\/\/blitzconquista.com.br\/index.php?rest_route=%2Fwp%2Fv2%2Fcomments&post=96514"}],"version-history":[{"count":5,"href":"https:\/\/blitzconquista.com.br\/index.php?rest_route=\/wp\/v2\/posts\/96514\/revisions"}],"predecessor-version":[{"id":96540,"href":"https:\/\/blitzconquista.com.br\/index.php?rest_route=\/wp\/v2\/posts\/96514\/revisions\/96540"}],"wp:featuredmedia":[{"embeddable":true,"href":"https:\/\/blitzconquista.com.br\/index.php?rest_route=\/wp\/v2\/media\/96516"}],"wp:attachment":[{"href":"https:\/\/blitzconquista.com.br\/index.php?rest_route=%2Fwp%2Fv2%2Fmedia&parent=96514"}],"wp:term":[{"taxonomy":"category","embeddable":true,"href":"https:\/\/blitzconquista.com.br\/index.php?rest_route=%2Fwp%2Fv2%2Fcategories&post=96514"},{"taxonomy":"post_tag","embeddable":true,"href":"https:\/\/blitzconquista.com.br\/index.php?rest_route=%2Fwp%2Fv2%2Ftags&post=96514"}],"curies":[{"name":"wp","href":"https:\/\/api.w.org\/{rel}","templated":true}]}}