{"id":96536,"date":"2020-12-26T11:16:18","date_gmt":"2020-12-26T14:16:18","guid":{"rendered":"http:\/\/blitzconquista.com.br\/?p=96536"},"modified":"2020-12-26T11:16:18","modified_gmt":"2020-12-26T14:16:18","slug":"conquista-com-todo-gas","status":"publish","type":"post","link":"https:\/\/blitzconquista.com.br\/?p=96536","title":{"rendered":"Conquista com todo g\u00e1s"},"content":{"rendered":"<div class=\"td-post-content tagdiv-type\">\n<div class=\"wp-block-image\">\n<figure class=\"aligncenter size-large is-resized\"><img decoding=\"async\" loading=\"lazy\" class=\"wp-image-79181 aligncenter\" src=\"https:\/\/i1.wp.com\/blogdosena.com.br\/wp-content\/uploads\/2020\/12\/WhatsApp-Image-2019-12-12-at-22.16.14-1.jpeg?resize=608%2C411&amp;ssl=1\" sizes=\"(max-width: 608px) 100vw, 608px\" srcset=\"https:\/\/i1.wp.com\/blogdosena.com.br\/wp-content\/uploads\/2020\/12\/WhatsApp-Image-2019-12-12-at-22.16.14-1.jpeg?w=800&amp;ssl=1 800w, https:\/\/i1.wp.com\/blogdosena.com.br\/wp-content\/uploads\/2020\/12\/WhatsApp-Image-2019-12-12-at-22.16.14-1.jpeg?resize=300%2C203&amp;ssl=1 300w, https:\/\/i1.wp.com\/blogdosena.com.br\/wp-content\/uploads\/2020\/12\/WhatsApp-Image-2019-12-12-at-22.16.14-1.jpeg?resize=768%2C519&amp;ssl=1 768w, https:\/\/i1.wp.com\/blogdosena.com.br\/wp-content\/uploads\/2020\/12\/WhatsApp-Image-2019-12-12-at-22.16.14-1.jpeg?resize=696%2C471&amp;ssl=1 696w, https:\/\/i1.wp.com\/blogdosena.com.br\/wp-content\/uploads\/2020\/12\/WhatsApp-Image-2019-12-12-at-22.16.14-1.jpeg?resize=621%2C420&amp;ssl=1 621w\" alt=\"\" width=\"608\" height=\"411\" \/><\/figure>\n<\/div>\n<p>Bahiag\u00e1s vem estudando viabilidade de implantar o G\u00e1s Natural em Conquista, em janeiro de 2019 numa grande reuni\u00e3o com a classe empresarial o Presidente da Companhia Luiz Gavazza despertou esperan\u00e7a da chegada do em nossa cidade. A parceria da Bahiag\u00e1s com a Prefeitura de Conquista, foi a promessa de que ter\u00edamos a transforma\u00e7\u00e3o industrial em nossa cidade, dando mais competitividade industrial local e tamb\u00e9m na atra\u00e7\u00e3o de mais neg\u00f3cios que pudesse empregar mais trabalhadores.<br \/>\nA nossa esperan\u00e7a \u00e9 de que com a BAHIAG\u00c1S pudesse bonificar com parte do KIT e que as cooperativas de taxis, uber, frotistas e transportadoras, tivessem financiamentos para a classe de profissionais, facilitando o acesso ao benef\u00edcio, n\u00e3o aconteceu ainda.<br \/>\nA Companhia de G\u00e1s da Bahia, por ter dificuldades burocr\u00e1ticas e de log\u00edsticas n\u00e3o evoluiu da forma que prev\u00edamos, o que \u00e9 compreens\u00edvel pelas amarras que o setor p\u00fablico se limita pela legisla\u00e7\u00e3o, mesmo assim nossa esperan\u00e7a era de que o Centro Industrial dos Imbor\u00e9s tivesse um centro de distribui\u00e7\u00e3o do G\u00e1s Natural, que viesse contemplar outras atividades econ\u00f4micas como: Shoppings, Hoteis, Hospitais, dentre outras. N\u00e3o evoluiu.<\/p>\n<figure class=\"wp-block-image size-large is-resized\"><img decoding=\"async\" loading=\"lazy\" class=\"wp-image-79182\" src=\"https:\/\/i2.wp.com\/blogdosena.com.br\/wp-content\/uploads\/2020\/12\/DSC_9975-420x281-1.jpg?resize=689%2C465&amp;ssl=1\" alt=\"\" width=\"689\" height=\"465\" \/><\/figure>\n<p>Nesse v\u00e1cuo, e sens\u00edvel ao grande potencial da cidade, a REDE DE POSTO S\u00c3O JORGE em parceria com a Golar Power e a Petrobahia, vai fornecer para t\u00e3o esperado G\u00e1s Natural Veicular. Parabenizamos os empres\u00e1rios pela iniciativa, mas aguardamos que em breve a nossa BAHIAG\u00c1S contemple Vit\u00f3ria da Conquista e Regi\u00e3o, que tanto depende desse sistema de energia, para nos tornar mais atrativo na atra\u00e7\u00e3o de empresas geradoras de empregos e renda na regi\u00e3o, pois \u00e9 Bahia G\u00e1s det\u00e9m o monop\u00f3lio da rede dele distribui\u00e7\u00e3o.<br \/>\nConcluo dizendo que a chegada do GAS convalida o nosso potencial e que a estatal dos acionistas GASPETRO, Mitsui G\u00e1s, e do Governo do da Bahia como majorit\u00e1rio da BAHIAGAS, fica devendo uma resposta aos Conquistenses;<\/p>\n<p>Jos\u00e9 Maria Caires<\/p>\n<\/div>\n","protected":false},"excerpt":{"rendered":"<p>Bahiag\u00e1s vem estudando viabilidade de implantar o G\u00e1s Natural em Conquista, em janeiro de 2019 numa grande reuni\u00e3o com a classe empresarial o Presidente da Companhia Luiz Gavazza despertou esperan\u00e7a da chegada do em nossa cidade. A parceria da Bahiag\u00e1s com a Prefeitura de Conquista, foi a promessa de que ter\u00edamos a transforma\u00e7\u00e3o industrial em [&hellip;]<\/p>\n","protected":false},"author":1,"featured_media":96538,"comment_status":"closed","ping_status":"closed","sticky":false,"template":"","format":"standard","meta":[],"categories":[212,29],"tags":[],"_links":{"self":[{"href":"https:\/\/blitzconquista.com.br\/index.php?rest_route=\/wp\/v2\/posts\/96536"}],"collection":[{"href":"https:\/\/blitzconquista.com.br\/index.php?rest_route=\/wp\/v2\/posts"}],"about":[{"href":"https:\/\/blitzconquista.com.br\/index.php?rest_route=\/wp\/v2\/types\/post"}],"author":[{"embeddable":true,"href":"https:\/\/blitzconquista.com.br\/index.php?rest_route=\/wp\/v2\/users\/1"}],"replies":[{"embeddable":true,"href":"https:\/\/blitzconquista.com.br\/index.php?rest_route=%2Fwp%2Fv2%2Fcomments&post=96536"}],"version-history":[{"count":2,"href":"https:\/\/blitzconquista.com.br\/index.php?rest_route=\/wp\/v2\/posts\/96536\/revisions"}],"predecessor-version":[{"id":96541,"href":"https:\/\/blitzconquista.com.br\/index.php?rest_route=\/wp\/v2\/posts\/96536\/revisions\/96541"}],"wp:featuredmedia":[{"embeddable":true,"href":"https:\/\/blitzconquista.com.br\/index.php?rest_route=\/wp\/v2\/media\/96538"}],"wp:attachment":[{"href":"https:\/\/blitzconquista.com.br\/index.php?rest_route=%2Fwp%2Fv2%2Fmedia&parent=96536"}],"wp:term":[{"taxonomy":"category","embeddable":true,"href":"https:\/\/blitzconquista.com.br\/index.php?rest_route=%2Fwp%2Fv2%2Fcategories&post=96536"},{"taxonomy":"post_tag","embeddable":true,"href":"https:\/\/blitzconquista.com.br\/index.php?rest_route=%2Fwp%2Fv2%2Ftags&post=96536"}],"curies":[{"name":"wp","href":"https:\/\/api.w.org\/{rel}","templated":true}]}}