{"id":96808,"date":"2021-01-05T14:22:21","date_gmt":"2021-01-05T17:22:21","guid":{"rendered":"http:\/\/blitzconquista.com.br\/?p=96808"},"modified":"2021-01-05T14:22:21","modified_gmt":"2021-01-05T17:22:21","slug":"curso-de-jornalismo-da-uesb-tem-site-premiado-em-evento-nacional","status":"publish","type":"post","link":"https:\/\/blitzconquista.com.br\/?p=96808","title":{"rendered":"Curso de Jornalismo da Uesb tem site premiado em evento nacional"},"content":{"rendered":"<header>\n<div class=\"well well-sm\">\n<div class=\"social\">\n<div class=\"botao-social pull-left\">Por <a href=\"http:\/\/www.blogdopaulonunes.com\/v4\/?p=45253\">Paulo Nunes<\/a><\/div>\n<div><\/div>\n<div class=\"botao-social pull-left\">\n<div class=\"g-plusone\" data-size=\"medium\" data-width=\"300\" data-href=\"http:\/\/www.blogdopaulonunes.com\/v4\/?p=45253\" data-gapiscan=\"true\" data-onload=\"true\" data-gapistub=\"true\"><img decoding=\"async\" loading=\"lazy\" class=\"size-full wp-image-45254 aligncenter\" src=\"http:\/\/www.blogdopaulonunes.com\/v4\/wp-content\/uploads\/2021\/01\/uesbinha.jpg\" sizes=\"(max-width: 800px) 100vw, 800px\" srcset=\"http:\/\/www.blogdopaulonunes.com\/v4\/wp-content\/uploads\/2021\/01\/uesbinha.jpg 800w, http:\/\/www.blogdopaulonunes.com\/v4\/wp-content\/uploads\/2021\/01\/uesbinha-768x125.jpg 768w\" alt=\"\" width=\"800\" height=\"130\" \/><\/div>\n<\/div>\n<\/div>\n<\/div>\n<\/header>\n<div class=\"entry-content\">\n<p>\u201cO ensino do Jornalismo como instrumento de defesa para uma sociedade democr\u00e1tica\u201d foi tema do 19\u00ba Encontro Nacional de Professores de Jornalismo (ENPJ) e 15\u00ba Ciclo Nacional de Pesquisa em Ensino e Extens\u00e3o, promovido pela Associa\u00e7\u00e3o Brasileira de Ensino do Jornalismo (Abej) no \u00faltimo m\u00eas de novembro, em formato remoto.<\/p>\n<p>Durante a realiza\u00e7\u00e3o do evento, o trabalho \u201cSite Avoador e a editoria de checagem Xereta: jornalismo no combate \u00e0 desinforma\u00e7\u00e3o\u201d, apresentado pela professora Carmen Carvalho, recebeu a\u00a0<a href=\"http:\/\/www.abejor.org.br\/novo\/noticias\/ler\/1002\/Abej_publica_lista_de_trabalhos_premiados_no_19%C2%BA_ENPJ\" target=\"_blank\" rel=\"noopener noreferrer\" data-saferedirecturl=\"https:\/\/www.google.com\/url?q=http:\/\/www.abejor.org.br\/novo\/noticias\/ler\/1002\/Abej_publica_lista_de_trabalhos_premiados_no_19%25C2%25BA_ENPJ&amp;source=gmail&amp;ust=1609941313437000&amp;usg=AFQjCNHai4eUtIwx7rEbkHeDJu1Oy7CbTg\">premia\u00e7\u00e3o<\/a>\u00a0de men\u00e7\u00e3o honrosa, na categoria Atividade de Extens\u00e3o. A premia\u00e7\u00e3o considerou a qualidade dos trabalhos apresentados nos cinco grupos de pesquisa do 15\u00ba Ciclo de Pesquisa em Ensino e Extens\u00e3o em Jornalismo, que foi votado entre todos os participantes e a mediadora do Grupo de Trabalho (GT).<\/p>\n<p>Para a professora Carmen, o pr\u00eamio significa a certifica\u00e7\u00e3o de que o trabalho realizado pelo site est\u00e1 no caminho certo, na busca de levar informa\u00e7\u00e3o confi\u00e1vel, respons\u00e1vel e \u00e9tica \u00e0 comunidade de Conquista e regi\u00e3o. \u201cEsse pr\u00eamio mostra ainda o quanto as universidades estaduais baianas realizam um trabalho inovador e de qualidade no interior do Estado\u201d, acrescentou.<\/p>\n<p>A docente tamb\u00e9m apontou a qualidade do ensino de Jornalismo na Uesb. \u201cA premia\u00e7\u00e3o s\u00f3 coroa uma trajet\u00f3ria de forma\u00e7\u00e3o embasada na \u00e9tica, na qualidade t\u00e9cnica e na conex\u00e3o com as tend\u00eancias trazidas pela tecnologia. Podemos dizer que no interior da Bahia h\u00e1 um curso de Jornalismo que faz a diferen\u00e7a na comunidade e no ensino que realiza\u201d.<\/p>\n<p><strong>Sobre o Avoador \u2013<\/strong>\u00a0O\u00a0<a href=\"https:\/\/avoador.com.br\/\" target=\"_blank\" rel=\"noopener noreferrer\" data-saferedirecturl=\"https:\/\/www.google.com\/url?q=https:\/\/avoador.com.br\/&amp;source=gmail&amp;ust=1609941313437000&amp;usg=AFQjCNH28u7gKeNFrjDOJn2w3C_m2OxRUw\">Site Avoador<\/a>\u00a0\u00e9 um produto laboratorial da disciplina Jornalismo Digital, coordenado pela professora Carmen, e que teve in\u00edcio em 2016. De l\u00e1 para c\u00e1, por conta da repercuss\u00e3o causada pelo trabalho realizado, o site foi transformado em um projeto de Extens\u00e3o, que se prop\u00f5e a ser um experimento de pesquisa aplicada.<\/p>\n<p>\u201c\u00c9 assim que temos trabalhado: produ\u00e7\u00e3o de conte\u00fado jornal\u00edstico com a reflex\u00e3o sobre a pr\u00e1tica realizada. Por meio do grupo de pesquisa Jornalismo Importa temos apresentado trabalhos no Brasil e no exterior. Felizmente, esse trabalho tem recebido a participa\u00e7\u00e3o de muitos estudantes que se dedicam a produzir jornalismo e ci\u00eancia\u201d, sublinhou a professora..<\/p>\n<\/div>\n","protected":false},"excerpt":{"rendered":"<p>Por Paulo Nunes \u201cO ensino do Jornalismo como instrumento de defesa para uma sociedade democr\u00e1tica\u201d foi tema do 19\u00ba Encontro Nacional de Professores de Jornalismo (ENPJ) e 15\u00ba Ciclo Nacional de Pesquisa em Ensino e Extens\u00e3o, promovido pela Associa\u00e7\u00e3o Brasileira de Ensino do Jornalismo (Abej) no \u00faltimo m\u00eas de novembro, em formato remoto. Durante a [&hellip;]<\/p>\n","protected":false},"author":1,"featured_media":96810,"comment_status":"closed","ping_status":"closed","sticky":false,"template":"","format":"standard","meta":[],"categories":[4,212],"tags":[],"_links":{"self":[{"href":"https:\/\/blitzconquista.com.br\/index.php?rest_route=\/wp\/v2\/posts\/96808"}],"collection":[{"href":"https:\/\/blitzconquista.com.br\/index.php?rest_route=\/wp\/v2\/posts"}],"about":[{"href":"https:\/\/blitzconquista.com.br\/index.php?rest_route=\/wp\/v2\/types\/post"}],"author":[{"embeddable":true,"href":"https:\/\/blitzconquista.com.br\/index.php?rest_route=\/wp\/v2\/users\/1"}],"replies":[{"embeddable":true,"href":"https:\/\/blitzconquista.com.br\/index.php?rest_route=%2Fwp%2Fv2%2Fcomments&post=96808"}],"version-history":[{"count":1,"href":"https:\/\/blitzconquista.com.br\/index.php?rest_route=\/wp\/v2\/posts\/96808\/revisions"}],"predecessor-version":[{"id":96811,"href":"https:\/\/blitzconquista.com.br\/index.php?rest_route=\/wp\/v2\/posts\/96808\/revisions\/96811"}],"wp:featuredmedia":[{"embeddable":true,"href":"https:\/\/blitzconquista.com.br\/index.php?rest_route=\/wp\/v2\/media\/96810"}],"wp:attachment":[{"href":"https:\/\/blitzconquista.com.br\/index.php?rest_route=%2Fwp%2Fv2%2Fmedia&parent=96808"}],"wp:term":[{"taxonomy":"category","embeddable":true,"href":"https:\/\/blitzconquista.com.br\/index.php?rest_route=%2Fwp%2Fv2%2Fcategories&post=96808"},{"taxonomy":"post_tag","embeddable":true,"href":"https:\/\/blitzconquista.com.br\/index.php?rest_route=%2Fwp%2Fv2%2Ftags&post=96808"}],"curies":[{"name":"wp","href":"https:\/\/api.w.org\/{rel}","templated":true}]}}