{"id":96838,"date":"2021-01-06T14:05:11","date_gmt":"2021-01-06T17:05:11","guid":{"rendered":"http:\/\/blitzconquista.com.br\/?p=96838"},"modified":"2021-01-06T14:05:11","modified_gmt":"2021-01-06T17:05:11","slug":"depois-de-aparecer-no-cenario-nacional-politizando-a-pandemia-elba-ramalho-pede-desculpas-em-seu-twitter","status":"publish","type":"post","link":"https:\/\/blitzconquista.com.br\/?p=96838","title":{"rendered":"Depois de aparecer no cen\u00e1rio nacional politizando a pandemia, Elba Ramalho pede desculpas em seu Twitter."},"content":{"rendered":"<figure id=\"attachment_96840\" aria-describedby=\"caption-attachment-96840\" style=\"width: 333px\" class=\"wp-caption aligncenter\"><img decoding=\"async\" loading=\"lazy\" class=\"size-full wp-image-96840\" src=\"http:\/\/blitzconquista.com.br\/wp-content\/uploads\/2021\/01\/Elba_2012_5.jpg\" alt=\"\" width=\"333\" height=\"500\" srcset=\"https:\/\/blitzconquista.com.br\/wp-content\/uploads\/2021\/01\/Elba_2012_5.jpg 333w, https:\/\/blitzconquista.com.br\/wp-content\/uploads\/2021\/01\/Elba_2012_5-200x300.jpg 200w\" sizes=\"(max-width: 333px) 100vw, 333px\" \/><figcaption id=\"caption-attachment-96840\" class=\"wp-caption-text\">S\u00c3O PAULO, SP, BRASIL, 26-08-2012, 17h00: Elba Ramalho canta em homenagem a Luiz Gonzaga em palco montado no Vale do Anhangabau. (Foto: Z\u00e9 Carlos Barretta\/Folhapress ILUSTRADA)<\/figcaption><\/figure>\n<p>H\u00e1 alguns dias a imprensa nacional divulgou um coment\u00e1rio da cantora insinuando que a pandemia do covid-19 \u00e9 coisa de comunista.<\/p>\n<p>Depois do burburinho provocado por suas declara\u00e7\u00f5es, a cantora pediu desculpas em seu Twitter e alegou que foi \u201c&#8230;mal interpretada, existia um contexto de cunho espiritual, as pessoas n\u00e3o entenderam! Sinto muito! Um grande mal entendido! Minhas sinceras desculpas\u201d, conforme mat\u00e9ria publicada na Isto\u00e9Gente.<\/p>\n","protected":false},"excerpt":{"rendered":"<p>H\u00e1 alguns dias a imprensa nacional divulgou um coment\u00e1rio da cantora insinuando que a pandemia do covid-19 \u00e9 coisa de comunista. Depois do burburinho provocado por suas declara\u00e7\u00f5es, a cantora pediu desculpas em seu Twitter e alegou que foi \u201c&#8230;mal interpretada, existia um contexto de cunho espiritual, as pessoas n\u00e3o entenderam! Sinto muito! Um grande [&hellip;]<\/p>\n","protected":false},"author":1,"featured_media":96840,"comment_status":"closed","ping_status":"closed","sticky":false,"template":"","format":"standard","meta":[],"categories":[4],"tags":[],"_links":{"self":[{"href":"https:\/\/blitzconquista.com.br\/index.php?rest_route=\/wp\/v2\/posts\/96838"}],"collection":[{"href":"https:\/\/blitzconquista.com.br\/index.php?rest_route=\/wp\/v2\/posts"}],"about":[{"href":"https:\/\/blitzconquista.com.br\/index.php?rest_route=\/wp\/v2\/types\/post"}],"author":[{"embeddable":true,"href":"https:\/\/blitzconquista.com.br\/index.php?rest_route=\/wp\/v2\/users\/1"}],"replies":[{"embeddable":true,"href":"https:\/\/blitzconquista.com.br\/index.php?rest_route=%2Fwp%2Fv2%2Fcomments&post=96838"}],"version-history":[{"count":1,"href":"https:\/\/blitzconquista.com.br\/index.php?rest_route=\/wp\/v2\/posts\/96838\/revisions"}],"predecessor-version":[{"id":96841,"href":"https:\/\/blitzconquista.com.br\/index.php?rest_route=\/wp\/v2\/posts\/96838\/revisions\/96841"}],"wp:featuredmedia":[{"embeddable":true,"href":"https:\/\/blitzconquista.com.br\/index.php?rest_route=\/wp\/v2\/media\/96840"}],"wp:attachment":[{"href":"https:\/\/blitzconquista.com.br\/index.php?rest_route=%2Fwp%2Fv2%2Fmedia&parent=96838"}],"wp:term":[{"taxonomy":"category","embeddable":true,"href":"https:\/\/blitzconquista.com.br\/index.php?rest_route=%2Fwp%2Fv2%2Fcategories&post=96838"},{"taxonomy":"post_tag","embeddable":true,"href":"https:\/\/blitzconquista.com.br\/index.php?rest_route=%2Fwp%2Fv2%2Ftags&post=96838"}],"curies":[{"name":"wp","href":"https:\/\/api.w.org\/{rel}","templated":true}]}}