{"id":96857,"date":"2021-01-07T10:46:27","date_gmt":"2021-01-07T13:46:27","guid":{"rendered":"http:\/\/blitzconquista.com.br\/?p=96857"},"modified":"2021-01-07T10:46:27","modified_gmt":"2021-01-07T13:46:27","slug":"luto-morre-o-pr-carlos-sobreira-vitima-do-covid-19","status":"publish","type":"post","link":"https:\/\/blitzconquista.com.br\/?p=96857","title":{"rendered":"LUTO: Morre o Pr. Carlos Sobreira v\u00edtima do covid-19"},"content":{"rendered":"<div>\n<h1 class=\"entry-title\"><span style=\"font-size: 16px;\">Por <a href=\"https:\/\/nildofreitas.com\/site\/luto-morre-o-pr-carlos-sobreira-vitima-do-covid-19\/\">Nildo Freitas<\/a><\/span><\/h1>\n<\/div>\n<div class=\"entry entry-content the-content-class\">\n<div>\n<div id=\"quick_adsense_vi_ad\"><\/div>\n<\/div>\n<p><img decoding=\"async\" loading=\"lazy\" class=\"aligncenter  wp-image-99491\" src=\"https:\/\/nildofreitas.com\/site\/wp-content\/uploads\/2021\/01\/WhatsApp-Image-2021-01-06-at-20.58.21.jpeg\" sizes=\"(max-width: 405px) 100vw, 405px\" srcset=\"https:\/\/nildofreitas.com\/site\/wp-content\/uploads\/2021\/01\/WhatsApp-Image-2021-01-06-at-20.58.21.jpeg 719w, https:\/\/nildofreitas.com\/site\/wp-content\/uploads\/2021\/01\/WhatsApp-Image-2021-01-06-at-20.58.21-288x300.jpeg 288w\" alt=\"\" width=\"405\" height=\"421\" \/><\/p>\n<p>\u00c9 como muito pesar que o Blog do Nildo Freitas comunica o falecimento do Pr. Carlos Roberto Sobreira. Ele estava internado em Curitiba (PR) com covid-19.<\/p>\n<p>Em suas redes sociais o Pr. Wal Cordeiro lamentou a morte do amigo. \u201cSomos amigos desde 1985, quando fizemos parte da primeira equipe que criou o CREAME em Vit\u00f3ria da Conquista.<br \/>\nSobreira foi uma das pessoas que mais me influenciou em miss\u00f5es. Trabalhamos juntos em Jocum, Contagem \u2013 MG na Blitz da Paz, projeto Quinta Livre e Programa de Evangelismo na Penitenci\u00e1ria de Seguran\u00e7a M\u00e1xima Nelson Hungria. Trabalhamos juntos na Abasb, com impacto evangel\u00edstico, no sert\u00e3o da Bahia e no projeto Me Conquista Jesus (impacto de evangelismo na Micareta de Conquista)\u201d, disse Wal.<\/p>\n<p>Ele ainda ressaltou que Sobreira foi mission\u00e1rio por muitos anos na \u00c1frica, e na Bahia fundou e liderou a OMIP e o projeto Oxente.<\/p>\n<\/div>\n","protected":false},"excerpt":{"rendered":"<p>Por Nildo Freitas \u00c9 como muito pesar que o Blog do Nildo Freitas comunica o falecimento do Pr. Carlos Roberto Sobreira. Ele estava internado em Curitiba (PR) com covid-19. Em suas redes sociais o Pr. Wal Cordeiro lamentou a morte do amigo. \u201cSomos amigos desde 1985, quando fizemos parte da primeira equipe que criou o [&hellip;]<\/p>\n","protected":false},"author":1,"featured_media":96859,"comment_status":"closed","ping_status":"closed","sticky":false,"template":"","format":"standard","meta":[],"categories":[4,212],"tags":[],"_links":{"self":[{"href":"https:\/\/blitzconquista.com.br\/index.php?rest_route=\/wp\/v2\/posts\/96857"}],"collection":[{"href":"https:\/\/blitzconquista.com.br\/index.php?rest_route=\/wp\/v2\/posts"}],"about":[{"href":"https:\/\/blitzconquista.com.br\/index.php?rest_route=\/wp\/v2\/types\/post"}],"author":[{"embeddable":true,"href":"https:\/\/blitzconquista.com.br\/index.php?rest_route=\/wp\/v2\/users\/1"}],"replies":[{"embeddable":true,"href":"https:\/\/blitzconquista.com.br\/index.php?rest_route=%2Fwp%2Fv2%2Fcomments&post=96857"}],"version-history":[{"count":1,"href":"https:\/\/blitzconquista.com.br\/index.php?rest_route=\/wp\/v2\/posts\/96857\/revisions"}],"predecessor-version":[{"id":96860,"href":"https:\/\/blitzconquista.com.br\/index.php?rest_route=\/wp\/v2\/posts\/96857\/revisions\/96860"}],"wp:featuredmedia":[{"embeddable":true,"href":"https:\/\/blitzconquista.com.br\/index.php?rest_route=\/wp\/v2\/media\/96859"}],"wp:attachment":[{"href":"https:\/\/blitzconquista.com.br\/index.php?rest_route=%2Fwp%2Fv2%2Fmedia&parent=96857"}],"wp:term":[{"taxonomy":"category","embeddable":true,"href":"https:\/\/blitzconquista.com.br\/index.php?rest_route=%2Fwp%2Fv2%2Fcategories&post=96857"},{"taxonomy":"post_tag","embeddable":true,"href":"https:\/\/blitzconquista.com.br\/index.php?rest_route=%2Fwp%2Fv2%2Ftags&post=96857"}],"curies":[{"name":"wp","href":"https:\/\/api.w.org\/{rel}","templated":true}]}}