{"id":96921,"date":"2021-01-08T20:56:48","date_gmt":"2021-01-08T23:56:48","guid":{"rendered":"http:\/\/blitzconquista.com.br\/?p=96921"},"modified":"2021-01-08T20:56:48","modified_gmt":"2021-01-08T23:56:48","slug":"camara-empossa-prefeito-herzem-gusmao-em-sessao-solene-virtual","status":"publish","type":"post","link":"https:\/\/blitzconquista.com.br\/?p=96921","title":{"rendered":"C\u00e2mara empossa prefeito Herzem Gusm\u00e3o em Sess\u00e3o Solene virtual"},"content":{"rendered":"<div>\n<h3 style=\"text-align: center;\"><em> Finalmente\u00a0aconteceu!<\/em><\/h3>\n<div style=\"width: 640px;\" class=\"wp-video\"><!--[if lt IE 9]><script>document.createElement('video');<\/script><![endif]-->\n<video class=\"wp-video-shortcode\" id=\"video-96921-1\" width=\"640\" height=\"360\" preload=\"metadata\" controls=\"controls\"><source type=\"video\/mp4\" src=\"http:\/\/blitzconquista.com.br\/wp-content\/uploads\/2021\/01\/whatsapp-video-2021-01-08-at-17.00.50_dvd.mp4?_=1\" \/><a href=\"http:\/\/blitzconquista.com.br\/wp-content\/uploads\/2021\/01\/whatsapp-video-2021-01-08-at-17.00.50_dvd.mp4\">http:\/\/blitzconquista.com.br\/wp-content\/uploads\/2021\/01\/whatsapp-video-2021-01-08-at-17.00.50_dvd.mp4<\/a><\/video><\/div>\n<p>Imagem:<a href=\"https:\/\/blogdegiorlandolima.com\/2021\/01\/08\/herzem-gusmao-e-empossado-prefeito-de-vitoria-da-conquista-em-sessao-emocionante\/\"> blogdegiorlandolima.com<\/a><\/p>\n<p><span data-contrast=\"auto\">Na sess\u00e3o ocorrida nesta sexta-feira (8), a C\u00e2mara Municipal de Vit\u00f3ria da Conquista (CMVC) decidiu realizar a posse do prefeito eleito atrav\u00e9s do\u00a0<\/span><span data-contrast=\"auto\">Sistema de Delibera\u00e7\u00e3o Remota (SDR). Dos 20 vereadores presentes, apenas Chico Estrela votou contra.<\/span><span data-ccp-props=\"{&quot;201341983&quot;:0,&quot;335559739&quot;:160,&quot;335559740&quot;:259}\">\u00a0<\/span><\/p>\n<p><span data-contrast=\"auto\">Em seguida, o presidente da C\u00e2mara convocou uma sess\u00e3o solene para atender o pedido do prefeito de\u00a0ser empossado hoje.\u00a0<\/span><span data-contrast=\"auto\">Herzem<\/span><span data-contrast=\"auto\">\u00a0prestou juramento por\u00a0v\u00eddeoconfer\u00eancia\u00a0e, em seguida, saudou os vereadores eleitos, a vice prefeita e agradeceu ao povo de Vit\u00f3ria da Conquista. Cabe ressaltar que nem a prefeita em exerc\u00edcio, nem outras autoridades do primeiro escal\u00e3o compareceram.<\/span><span data-ccp-props=\"{&quot;201341983&quot;:0,&quot;335559739&quot;:160,&quot;335559740&quot;:259}\">\u00a0<\/span><\/p>\n<p><span data-contrast=\"auto\">A sess\u00e3o que poderia tomar outro rumo, caso a bancada da oposi\u00e7\u00e3o endurecesse o discurso, transcorreu com\u00a0tranquilidade. Ao final, o vereador\u00a0<\/span><span data-contrast=\"none\">Luis<\/span><span data-contrast=\"none\">\u00a0Carlos Batista De Oliveira (<\/span><span data-contrast=\"none\">Dud\u00e9<\/span><span data-contrast=\"none\">) declarou:\u00a0<\/span><span data-contrast=\"auto\">\u201cFoi uma sess\u00e3o emocionante para todos n\u00f3s. A C\u00e2mara n\u00e3o podia se omitir diante\u00a0dessa situa\u00e7\u00e3o, a posse \u00e9 um direito conquistado pelo prefeito eleito, ele n\u00e3o escolheu estar doente, foi acometido pela Covid-19 como o foram tantos brasileiros e conquistenses. Cumprimos mais uma vez com o nosso dever, agimos dentro da lei, com aval de todos os colegas que comp\u00f5em essa legislatura\u201d, concluiu o presidente.<\/span><span data-ccp-props=\"{&quot;201341983&quot;:0,&quot;335559739&quot;:160,&quot;335559740&quot;:259}\">\u00a0<\/span><\/p>\n<p><img decoding=\"async\" class=\"note-float-left\" src=\"https:\/\/argus-cmvc.sfo2.digitaloceanspaces.com\/noticia\/2021-01-08\/extraordinaria54.JPG\" \/><\/p>\n<div>\n<div class=\"row\">\n<div class=\"col-md-6 text-center\">\n<p><img decoding=\"async\" class=\"img-fluid\" src=\"https:\/\/argus-cmvc.sfo2.digitaloceanspaces.com\/noticia\/2021-01-08\/extraordinaria44.JPG\" \/><\/p>\n<h6><\/h6>\n<\/div>\n<div class=\"col-md-6 text-center\">\n<p><img decoding=\"async\" class=\"img-fluid\" src=\"https:\/\/argus-cmvc.sfo2.digitaloceanspaces.com\/noticia\/2021-01-08\/extraordinaria49.JPG\" \/><\/p>\n<h6><\/h6>\n<\/div>\n<div class=\"col-md-6 text-center\">\n<p><img decoding=\"async\" class=\"img-fluid\" src=\"https:\/\/argus-cmvc.sfo2.digitaloceanspaces.com\/noticia\/2021-01-08\/extraordinaria53.JPG\" \/><\/p>\n<h6><\/h6>\n<\/div>\n<div class=\"col-md-6 text-center\">\n<p><img decoding=\"async\" class=\"img-fluid\" src=\"https:\/\/argus-cmvc.sfo2.digitaloceanspaces.com\/noticia\/2021-01-08\/extraordinaria59.JPG\" \/><\/p>\n<h6><\/h6>\n<\/div>\n<\/div>\n<\/div>\n<p>&nbsp;<\/p>\n<\/div>\n","protected":false},"excerpt":{"rendered":"<p>Finalmente\u00a0aconteceu! Imagem: blogdegiorlandolima.com Na sess\u00e3o ocorrida nesta sexta-feira (8), a C\u00e2mara Municipal de Vit\u00f3ria da Conquista (CMVC) decidiu realizar a posse do prefeito eleito atrav\u00e9s do\u00a0Sistema de Delibera\u00e7\u00e3o Remota (SDR). Dos 20 vereadores presentes, apenas Chico Estrela votou contra.\u00a0 Em seguida, o presidente da C\u00e2mara convocou uma sess\u00e3o solene para atender o pedido do prefeito [&hellip;]<\/p>\n","protected":false},"author":1,"featured_media":96932,"comment_status":"closed","ping_status":"closed","sticky":false,"template":"","format":"standard","meta":[],"categories":[212,515],"tags":[],"_links":{"self":[{"href":"https:\/\/blitzconquista.com.br\/index.php?rest_route=\/wp\/v2\/posts\/96921"}],"collection":[{"href":"https:\/\/blitzconquista.com.br\/index.php?rest_route=\/wp\/v2\/posts"}],"about":[{"href":"https:\/\/blitzconquista.com.br\/index.php?rest_route=\/wp\/v2\/types\/post"}],"author":[{"embeddable":true,"href":"https:\/\/blitzconquista.com.br\/index.php?rest_route=\/wp\/v2\/users\/1"}],"replies":[{"embeddable":true,"href":"https:\/\/blitzconquista.com.br\/index.php?rest_route=%2Fwp%2Fv2%2Fcomments&post=96921"}],"version-history":[{"count":2,"href":"https:\/\/blitzconquista.com.br\/index.php?rest_route=\/wp\/v2\/posts\/96921\/revisions"}],"predecessor-version":[{"id":96933,"href":"https:\/\/blitzconquista.com.br\/index.php?rest_route=\/wp\/v2\/posts\/96921\/revisions\/96933"}],"wp:featuredmedia":[{"embeddable":true,"href":"https:\/\/blitzconquista.com.br\/index.php?rest_route=\/wp\/v2\/media\/96932"}],"wp:attachment":[{"href":"https:\/\/blitzconquista.com.br\/index.php?rest_route=%2Fwp%2Fv2%2Fmedia&parent=96921"}],"wp:term":[{"taxonomy":"category","embeddable":true,"href":"https:\/\/blitzconquista.com.br\/index.php?rest_route=%2Fwp%2Fv2%2Fcategories&post=96921"},{"taxonomy":"post_tag","embeddable":true,"href":"https:\/\/blitzconquista.com.br\/index.php?rest_route=%2Fwp%2Fv2%2Ftags&post=96921"}],"curies":[{"name":"wp","href":"https:\/\/api.w.org\/{rel}","templated":true}]}}