{"id":98016,"date":"2021-02-17T08:08:05","date_gmt":"2021-02-17T11:08:05","guid":{"rendered":"http:\/\/blitzconquista.com.br\/?p=98016"},"modified":"2021-02-17T08:08:05","modified_gmt":"2021-02-17T11:08:05","slug":"quem-descumprir-o-toque-de-recolher-sera-indiciado-criminalmente-na-bahia-afirma-governador","status":"publish","type":"post","link":"https:\/\/blitzconquista.com.br\/?p=98016","title":{"rendered":"Quem descumprir o toque de recolher ser\u00e1 indiciado criminalmente na Bahia, afirma governador"},"content":{"rendered":"<p>Ou\u00e7a o \u00e1udio:<\/p>\n<!--[if lt IE 9]><script>document.createElement('audio');<\/script><![endif]-->\n<audio class=\"wp-audio-shortcode\" id=\"audio-98016-1\" preload=\"none\" style=\"width: 100%;\" controls=\"controls\"><source type=\"audio\/mpeg\" src=\"http:\/\/www.bahia.ba.gov.br\/wp-content\/uploads\/2021\/02\/RUI_PENALIDADES-TOQUE_160221.mp3?_=1\" \/><a href=\"http:\/\/www.bahia.ba.gov.br\/wp-content\/uploads\/2021\/02\/RUI_PENALIDADES-TOQUE_160221.mp3\">http:\/\/www.bahia.ba.gov.br\/wp-content\/uploads\/2021\/02\/RUI_PENALIDADES-TOQUE_160221.mp3<\/a><\/audio>\n<p>Os estabelecimentos comerciais e as pessoas que descumprirem o toque de recolher que ser\u00e1 adotado por sete dias na Bahia a partir de sexta-feira (19) ser\u00e3o indiciadas pela pol\u00edcia por crime contra a sa\u00fade p\u00fablica. A determina\u00e7\u00e3o foi feita pelo governador Rui Costa.<\/p>\n<p>Durante o programa Papo Correria, transmitido pelas rede sociais na noite desta ter\u00e7a-feira (16), Rui disse que conversar\u00e1 com os prefeitos para que cassem os alvar\u00e1s dos estabelecimentos que descumprirem o decreto.<\/p>\n<p>Fonte: Secom &#8211; GOV\/BA<\/p>\n","protected":false},"excerpt":{"rendered":"<p>Ou\u00e7a o \u00e1udio: http:\/\/www.bahia.ba.gov.br\/wp-content\/uploads\/2021\/02\/RUI_PENALIDADES-TOQUE_160221.mp3 Os estabelecimentos comerciais e as pessoas que descumprirem o toque de recolher que ser\u00e1 adotado por sete dias na Bahia a partir de sexta-feira (19) ser\u00e3o indiciadas pela pol\u00edcia por crime contra a sa\u00fade p\u00fablica. A determina\u00e7\u00e3o foi feita pelo governador Rui Costa. Durante o programa Papo Correria, transmitido pelas rede [&hellip;]<\/p>\n","protected":false},"author":1,"featured_media":94628,"comment_status":"closed","ping_status":"closed","sticky":false,"template":"","format":"standard","meta":[],"categories":[404,30],"tags":[],"_links":{"self":[{"href":"https:\/\/blitzconquista.com.br\/index.php?rest_route=\/wp\/v2\/posts\/98016"}],"collection":[{"href":"https:\/\/blitzconquista.com.br\/index.php?rest_route=\/wp\/v2\/posts"}],"about":[{"href":"https:\/\/blitzconquista.com.br\/index.php?rest_route=\/wp\/v2\/types\/post"}],"author":[{"embeddable":true,"href":"https:\/\/blitzconquista.com.br\/index.php?rest_route=\/wp\/v2\/users\/1"}],"replies":[{"embeddable":true,"href":"https:\/\/blitzconquista.com.br\/index.php?rest_route=%2Fwp%2Fv2%2Fcomments&post=98016"}],"version-history":[{"count":1,"href":"https:\/\/blitzconquista.com.br\/index.php?rest_route=\/wp\/v2\/posts\/98016\/revisions"}],"predecessor-version":[{"id":98018,"href":"https:\/\/blitzconquista.com.br\/index.php?rest_route=\/wp\/v2\/posts\/98016\/revisions\/98018"}],"wp:featuredmedia":[{"embeddable":true,"href":"https:\/\/blitzconquista.com.br\/index.php?rest_route=\/wp\/v2\/media\/94628"}],"wp:attachment":[{"href":"https:\/\/blitzconquista.com.br\/index.php?rest_route=%2Fwp%2Fv2%2Fmedia&parent=98016"}],"wp:term":[{"taxonomy":"category","embeddable":true,"href":"https:\/\/blitzconquista.com.br\/index.php?rest_route=%2Fwp%2Fv2%2Fcategories&post=98016"},{"taxonomy":"post_tag","embeddable":true,"href":"https:\/\/blitzconquista.com.br\/index.php?rest_route=%2Fwp%2Fv2%2Ftags&post=98016"}],"curies":[{"name":"wp","href":"https:\/\/api.w.org\/{rel}","templated":true}]}}