{"id":98019,"date":"2021-02-17T08:13:20","date_gmt":"2021-02-17T11:13:20","guid":{"rendered":"http:\/\/blitzconquista.com.br\/?p=98019"},"modified":"2021-02-17T08:13:20","modified_gmt":"2021-02-17T11:13:20","slug":"rui-vai-sugerir-ao-ministerio-da-saude-que-profissionais-da-educacao-estejam-em-grupo-prioritario-de-vacinacao","status":"publish","type":"post","link":"https:\/\/blitzconquista.com.br\/?p=98019","title":{"rendered":"Rui vai sugerir ao Minist\u00e9rio da Sa\u00fade que profissionais da educa\u00e7\u00e3o estejam em grupo priorit\u00e1rio de vacina\u00e7\u00e3o"},"content":{"rendered":"<!--[if lt IE 9]><script>document.createElement('audio');<\/script><![endif]-->\n<audio class=\"wp-audio-shortcode\" id=\"audio-98019-1\" preload=\"none\" style=\"width: 100%;\" controls=\"controls\"><source type=\"audio\/mpeg\" src=\"http:\/\/www.bahia.ba.gov.br\/wp-content\/uploads\/2021\/02\/RUI_VACINACAO-EDUCACAO_160221.mp3?_=1\" \/><a href=\"http:\/\/www.bahia.ba.gov.br\/wp-content\/uploads\/2021\/02\/RUI_VACINACAO-EDUCACAO_160221.mp3\">http:\/\/www.bahia.ba.gov.br\/wp-content\/uploads\/2021\/02\/RUI_VACINACAO-EDUCACAO_160221.mp3<\/a><\/audio>\n<p>Destacando que a defini\u00e7\u00e3o dos grupos priorit\u00e1rios de vacina\u00e7\u00e3o contra a covid-19 \u00e9 organizada pelo Minist\u00e9rio da Sa\u00fade, o governador Rui Costa disse que ir\u00e1 sugerir \u00e0 pasta do governo federal a inclus\u00e3o dos profissionais mais idosos que atuam no sistema de educa\u00e7\u00e3o da Bahia em um desses grupos.<\/p>\n<p>Ele informou que ter\u00e1 uma reuni\u00e3o com o ministro da sa\u00fade, na tarde desta quarta-feira (17) e disse que essa \u00e9 mais uma medida no sentido de garantir um ambiente seguro para retomada das aulas presenciais.<\/p>\n<p>&nbsp;<\/p>\n<p>Fonte: Ascom &#8211; GOV\/BA<\/p>\n","protected":false},"excerpt":{"rendered":"<p>http:\/\/www.bahia.ba.gov.br\/wp-content\/uploads\/2021\/02\/RUI_VACINACAO-EDUCACAO_160221.mp3 Destacando que a defini\u00e7\u00e3o dos grupos priorit\u00e1rios de vacina\u00e7\u00e3o contra a covid-19 \u00e9 organizada pelo Minist\u00e9rio da Sa\u00fade, o governador Rui Costa disse que ir\u00e1 sugerir \u00e0 pasta do governo federal a inclus\u00e3o dos profissionais mais idosos que atuam no sistema de educa\u00e7\u00e3o da Bahia em um desses grupos. Ele informou que ter\u00e1 uma [&hellip;]<\/p>\n","protected":false},"author":1,"featured_media":94628,"comment_status":"closed","ping_status":"closed","sticky":false,"template":"","format":"standard","meta":[],"categories":[404,30],"tags":[],"_links":{"self":[{"href":"https:\/\/blitzconquista.com.br\/index.php?rest_route=\/wp\/v2\/posts\/98019"}],"collection":[{"href":"https:\/\/blitzconquista.com.br\/index.php?rest_route=\/wp\/v2\/posts"}],"about":[{"href":"https:\/\/blitzconquista.com.br\/index.php?rest_route=\/wp\/v2\/types\/post"}],"author":[{"embeddable":true,"href":"https:\/\/blitzconquista.com.br\/index.php?rest_route=\/wp\/v2\/users\/1"}],"replies":[{"embeddable":true,"href":"https:\/\/blitzconquista.com.br\/index.php?rest_route=%2Fwp%2Fv2%2Fcomments&post=98019"}],"version-history":[{"count":1,"href":"https:\/\/blitzconquista.com.br\/index.php?rest_route=\/wp\/v2\/posts\/98019\/revisions"}],"predecessor-version":[{"id":98021,"href":"https:\/\/blitzconquista.com.br\/index.php?rest_route=\/wp\/v2\/posts\/98019\/revisions\/98021"}],"wp:featuredmedia":[{"embeddable":true,"href":"https:\/\/blitzconquista.com.br\/index.php?rest_route=\/wp\/v2\/media\/94628"}],"wp:attachment":[{"href":"https:\/\/blitzconquista.com.br\/index.php?rest_route=%2Fwp%2Fv2%2Fmedia&parent=98019"}],"wp:term":[{"taxonomy":"category","embeddable":true,"href":"https:\/\/blitzconquista.com.br\/index.php?rest_route=%2Fwp%2Fv2%2Fcategories&post=98019"},{"taxonomy":"post_tag","embeddable":true,"href":"https:\/\/blitzconquista.com.br\/index.php?rest_route=%2Fwp%2Fv2%2Ftags&post=98019"}],"curies":[{"name":"wp","href":"https:\/\/api.w.org\/{rel}","templated":true}]}}