{"id":98504,"date":"2021-03-01T09:49:00","date_gmt":"2021-03-01T12:49:00","guid":{"rendered":"http:\/\/blitzconquista.com.br\/?p=98504"},"modified":"2021-03-01T15:24:02","modified_gmt":"2021-03-01T18:24:02","slug":"opiniao-manifestacao-na-prefeitura-contra-o-fechamento-do-comercio","status":"publish","type":"post","link":"https:\/\/blitzconquista.com.br\/?p=98504","title":{"rendered":"OPINI\u00c3O: Manifesta\u00e7\u00e3o na prefeitura contra o fechamento do com\u00e9rcio"},"content":{"rendered":"<p>Com o slogan \u201cFechar o com\u00e9rcio n\u00e3o \u00e9 a solu\u00e7\u00e3o\u201d o setor do com\u00e9rcio e parte do setor de servi\u00e7os de Vit\u00f3ria da Conquista organizaram uma manifesta\u00e7\u00e3o para o dia de hoje (1), \u00e0s 10h00, em frente \u00e0 Prefeitura Municipal de Vit\u00f3ria da Conquista.<br \/>\nO segmento do com\u00e9rcio sofre muito com as restri\u00e7\u00f5es impostas pelo poder p\u00fablico desde o in\u00edcio da pandemia, no ano passado. E, como n\u00e3o poderia deixar de ser, existe uma cobran\u00e7a muito forte dos empres\u00e1rios junto \u00e0 Prefeitura de Vit\u00f3ria da Conquista. Nesse momento em que a prefeitura \u00e9 comandada por uma ex-representante deste setor produtivo, a decis\u00e3o de apoiar o governo estadual deve ter se tornado um dilema. Principalmente, porque a prefeita em exerc\u00edcio chegou a afirmar h\u00e1 poucos dias que n\u00e3o acataria a amplia\u00e7\u00e3o do toque de recolher estabelecido pelo governo estadual, argumentando que, em vez de impor medidas restritivas para a popula\u00e7\u00e3o, vagas para infectados pela covid-19 \u00e9 que deveriam ser ampliadas.<br \/>\nEm uma an\u00e1lise inicial, dir\u00edamos que ambas as afirma\u00e7\u00f5es n\u00e3o s\u00e3o solu\u00e7\u00e3o, quando se analisa o tema pelo princ\u00edpio de que a preserva\u00e7\u00e3o da vida \u00e9 o objetivo \u00e1ureo. Isso, considerando que a melhor op\u00e7\u00e3o de combate \u00e0 pandemia \u00e9 a imuniza\u00e7\u00e3o de toda a popula\u00e7\u00e3o. O com\u00e9rcio fechado n\u00e3o resolve porque a contamina\u00e7\u00e3o, mesmo em menor escala, continua. E ainda tem o agravante do preju\u00edzo econ\u00f4mico. Por outro lado, a capacidade de amplia\u00e7\u00e3o do n\u00famero de leitos \u00e9 limitada, e, como citou o secret\u00e1rio de sa\u00fade F\u00e1bio Vilas-Boas, recentemente, uma vaga em leito de UTI n\u00e3o \u00e9 garantia de que a pessoa contaminada vai sobreviver.<br \/>\nEnt\u00e3o, considerando quest\u00f5es t\u00e3o b\u00e1sicas como estas, o melhor seria que as partes se unissem e buscassem juntas solu\u00e7\u00f5es,\u00a0 tudo com bom senso. At\u00e9 porque muitas coisas relacionadas \u00e0 pandemia ultrapassam a al\u00e7ada da PMVC e do com\u00e9rcio local.<\/p>\n","protected":false},"excerpt":{"rendered":"<p>Com o slogan \u201cFechar o com\u00e9rcio n\u00e3o \u00e9 a solu\u00e7\u00e3o\u201d o setor do com\u00e9rcio e parte do setor de servi\u00e7os de Vit\u00f3ria da Conquista organizaram uma manifesta\u00e7\u00e3o para o dia de hoje (1), \u00e0s 10h00, em frente \u00e0 Prefeitura Municipal de Vit\u00f3ria da Conquista. O segmento do com\u00e9rcio sofre muito com as restri\u00e7\u00f5es impostas pelo [&hellip;]<\/p>\n","protected":false},"author":1,"featured_media":98508,"comment_status":"closed","ping_status":"closed","sticky":false,"template":"","format":"standard","meta":[],"categories":[212,29],"tags":[],"_links":{"self":[{"href":"https:\/\/blitzconquista.com.br\/index.php?rest_route=\/wp\/v2\/posts\/98504"}],"collection":[{"href":"https:\/\/blitzconquista.com.br\/index.php?rest_route=\/wp\/v2\/posts"}],"about":[{"href":"https:\/\/blitzconquista.com.br\/index.php?rest_route=\/wp\/v2\/types\/post"}],"author":[{"embeddable":true,"href":"https:\/\/blitzconquista.com.br\/index.php?rest_route=\/wp\/v2\/users\/1"}],"replies":[{"embeddable":true,"href":"https:\/\/blitzconquista.com.br\/index.php?rest_route=%2Fwp%2Fv2%2Fcomments&post=98504"}],"version-history":[{"count":3,"href":"https:\/\/blitzconquista.com.br\/index.php?rest_route=\/wp\/v2\/posts\/98504\/revisions"}],"predecessor-version":[{"id":98525,"href":"https:\/\/blitzconquista.com.br\/index.php?rest_route=\/wp\/v2\/posts\/98504\/revisions\/98525"}],"wp:featuredmedia":[{"embeddable":true,"href":"https:\/\/blitzconquista.com.br\/index.php?rest_route=\/wp\/v2\/media\/98508"}],"wp:attachment":[{"href":"https:\/\/blitzconquista.com.br\/index.php?rest_route=%2Fwp%2Fv2%2Fmedia&parent=98504"}],"wp:term":[{"taxonomy":"category","embeddable":true,"href":"https:\/\/blitzconquista.com.br\/index.php?rest_route=%2Fwp%2Fv2%2Fcategories&post=98504"},{"taxonomy":"post_tag","embeddable":true,"href":"https:\/\/blitzconquista.com.br\/index.php?rest_route=%2Fwp%2Fv2%2Ftags&post=98504"}],"curies":[{"name":"wp","href":"https:\/\/api.w.org\/{rel}","templated":true}]}}