{"id":98595,"date":"2021-03-03T23:41:41","date_gmt":"2021-03-04T02:41:41","guid":{"rendered":"http:\/\/blitzconquista.com.br\/?p=98595"},"modified":"2021-03-03T23:42:24","modified_gmt":"2021-03-04T02:42:24","slug":"educadores-abordam-matricula-planos-de-ensino-e-atividades-complementares-no-terceiro-dia-da-pre-jornada-pedagogica","status":"publish","type":"post","link":"https:\/\/blitzconquista.com.br\/?p=98595","title":{"rendered":"Educadores abordam matr\u00edcula, planos de ensino e atividades complementares no terceiro dia da pr\u00e9-jornada pedag\u00f3gica"},"content":{"rendered":"<p><img decoding=\"async\" loading=\"lazy\" class=\"aligncenter size-full wp-image-98598\" src=\"http:\/\/blitzconquista.com.br\/wp-content\/uploads\/2021\/03\/Sec-Educ-Bahia.jpg\" alt=\"\" width=\"1366\" height=\"768\" srcset=\"https:\/\/blitzconquista.com.br\/wp-content\/uploads\/2021\/03\/Sec-Educ-Bahia.jpg 1366w, https:\/\/blitzconquista.com.br\/wp-content\/uploads\/2021\/03\/Sec-Educ-Bahia-300x168.jpg 300w, https:\/\/blitzconquista.com.br\/wp-content\/uploads\/2021\/03\/Sec-Educ-Bahia-695x391.jpg 695w, https:\/\/blitzconquista.com.br\/wp-content\/uploads\/2021\/03\/Sec-Educ-Bahia-768x432.jpg 768w, https:\/\/blitzconquista.com.br\/wp-content\/uploads\/2021\/03\/Sec-Educ-Bahia-990x557.jpg 990w, https:\/\/blitzconquista.com.br\/wp-content\/uploads\/2021\/03\/Sec-Educ-Bahia-1320x742.jpg 1320w, https:\/\/blitzconquista.com.br\/wp-content\/uploads\/2021\/03\/Sec-Educ-Bahia-470x264.jpg 470w, https:\/\/blitzconquista.com.br\/wp-content\/uploads\/2021\/03\/Sec-Educ-Bahia-640x360.jpg 640w, https:\/\/blitzconquista.com.br\/wp-content\/uploads\/2021\/03\/Sec-Educ-Bahia-215x120.jpg 215w, https:\/\/blitzconquista.com.br\/wp-content\/uploads\/2021\/03\/Sec-Educ-Bahia-414x232.jpg 414w\" sizes=\"(max-width: 1366px) 100vw, 1366px\" \/><\/p>\n<p>A pr\u00e9-jornada pedag\u00f3gica, que est\u00e1 sendo realizada pela Secretaria da Educa\u00e7\u00e3o do Estado da Bahia (SEC), como parte do planejamento para o in\u00edcio do ano letivo 2020\/21, no dia 15 de mar\u00e7o, abordou, nesta ter\u00e7a-feira (3), a matr\u00edcula na rede estadual de ensino. Com transmiss\u00e3o pelo canal do Youtube Educa\u00e7\u00e3o Bahia e pela TV Educa Bahia, os educadores tamb\u00e9m receberam informa\u00e7\u00f5es sobre programa\u00e7\u00e3o de professores, tecnologia e sistemas, al\u00e9m de terem participado de oficinas sobre temas como &#8220;Planos de ensino e atividades complementares&#8221; e &#8220;EJA e Educa\u00e7\u00e3o Especial&#8221;. A live est\u00e1 dispon\u00edvel no endere\u00e7o https:\/\/cutt.ly\/0l3rSCt. A atividade contou com as participa\u00e7\u00f5es do secret\u00e1rio da Educa\u00e7\u00e3o do Estado, Jer\u00f4nimo Rodrigues, e do subsecret\u00e1rio, Danilo Souza.<\/p>\n<p>A renova\u00e7\u00e3o da matr\u00edcula ser\u00e1 autom\u00e1tica para os estudantes que estavam matriculados na rede estadual de ensino, em 2020, e acontecer\u00e1 no dia 5 de mar\u00e7o, sem a necessidade dos pais ou respons\u00e1veis irem at\u00e9 \u00e0 unidade escolar. Para os estudantes que vir\u00e3o de outras redes (municipais ou particular) ou que j\u00e1 s\u00e3o da rede estadual, mas desejam se transferir de escola, a SEC elaborou, juntamente com as redes municipais, um cronograma com datas diferentes por N\u00facleos Territoriais de Educa\u00e7\u00e3o (NTE), que vai de 22 de mar\u00e7o a 14 de abril e cujo calend\u00e1rio ainda ser\u00e1 divulgado, detalhadamente, por meio de portaria da SEC.<\/p>\n<p>O superintendente de Planejamento Operacional da Rede Escolar, Manoel Vicente Calazans, explicou que todo um di\u00e1logo e alinhamento est\u00e1 sendo feito com as redes municipais em torno da matr\u00edcula. Ele explicou que as redes municipais t\u00eam datas diferentes de encerramento do ano letivo 2020 e que, por isso, o planejamento de matr\u00edcula deve contemplar estas especificidades. O gestor disse, ainda, que solu\u00e7\u00f5es tecnol\u00f3gicas est\u00e3o sendo implementadas para evitar filas na frente das escolas.<\/p>\n<p>\u201c\u00c9 importante tranquilizar os pais, as m\u00e3es e os respons\u00e1veis pelos estudantes neste momento. Primeiro dizer que as vagas est\u00e3o garantidas e que o sistema de matr\u00edcula da rede estadual \u00e9 todo informatizado, contando, inclusive, com o suporte do SAC Digital, por meio do qual ser\u00e1 poss\u00edvel fazer a matr\u00edcula de qualquer computador, tablete ou celular, para qualquer modalidade de ensino, como por exemplo Ensino Fundamental, EJA e Educa\u00e7\u00e3o Profissional\u201d, afirmou Manoel Vicente, ao acrescentar que \u201ctudo est\u00e1 sendo feito para garantir uma matr\u00edcula com a seguran\u00e7a das pessoas, neste momento de pandemia do novo Coronav\u00edrus\u201d.<\/p>\n<p>A superintendente de Recursos Humanos da SEC, Ros\u00e1rio Muricy, falou sobre a programa\u00e7\u00e3o de professores e o fortalecimento das a\u00e7\u00f5es voltadas \u00e0 valoriza\u00e7\u00e3o da sa\u00fade do professor. &#8220;A partir deste momento do desdobrar da matr\u00edcula, n\u00f3s vamos sair com os procedimentos para agilizar aloca\u00e7\u00e3o de professor, normativas e toda a orienta\u00e7\u00e3o necess\u00e1ria para que a rede possa ir se reorganizando. A SEC, em parceria com a Secretaria da Sa\u00fade, vai apresentar um curso em EAD para todas as unidades e corpo t\u00e9cnico, em que se trate do desenvolvimento de ambientes escolares seguros no cen\u00e1rio de pandemia. Este ano, teremos a amplia\u00e7\u00e3o do Programa de Aten\u00e7\u00e3o \u00e0 Sa\u00fade e Valoriza\u00e7\u00e3o do Professor, retornando com o credenciamento de novos psic\u00f3logos para fazer as nossas lives de acolhimento. Voltaremos com o programa Sa\u00fade do Professor no seu formato integral, com a inclus\u00e3o dos profissionais nas \u00e1reas de Nutri\u00e7\u00e3o, Fisioterapia, Assist\u00eancia Social e outras&#8221;.<\/p>\n<p>A superintendente de Pol\u00edticas para a Educa\u00e7\u00e3o B\u00e1sica, Manuelita Brito, juntamente com o superintendente da Educa\u00e7\u00e3o Profissional e Tecnol\u00f3gica, Ezequiel Westphal e o coordenador executivo de Projetos Estrat\u00e9gicos, Marcius Gomes, fiz uma apresenta\u00e7\u00e3o sobre os planos de ensino e atividades complementares.<\/p>\n<p>Na ocasi\u00e3o, foi mostrado como o professor pode preencher este plano, que \u00e9 o registro do planejamento do componente curricular no Servi\u00e7o de Apoio \u00e0 Gest\u00e3o da Aprendizagem (SAGA). &#8220;Ao logarem no SAGA, al\u00e9m de um tutorial, os professores encontram planos de aula pr\u00e9-carregados e, para cada aula sugerida, encontra um bot\u00e3o para editar o plano de aula, mudando os objetivos e crit\u00e9rios de avalia\u00e7\u00e3o, al\u00e9m de um bot\u00e3o para excluir ou incluir outros panos de aula&#8221;, explicou Manuelita.<\/p>\n<p>Segundo Marcius, as atividades complementam a carga hor\u00e1ria estipulada na matriz curricular. &#8220;Tem sido exerc\u00edcio da SEC buscar as intencionalidades que envolvem as atividades esportivas, culturais, da Educa\u00e7\u00e3o Cient\u00edfica, dos Centros Juvenis de Ci\u00eancia e Cultura. Ou seja, diversas possibilidades que estar\u00e3o \u00e0 disposi\u00e7\u00e3o da rede para pensar as atividades complementares&#8221;.<\/p>\n<p>Manuelita completou dizendo que as escolas devem construir um portf\u00f3lio de atividades compat\u00edveis, al\u00e9m do que a SEC j\u00e1 disponibiliza, com a realidade e capacidade de oferta. &#8220;Recomenda-se o planejamento de atividades focadas em leitura, escrita, desenvolvimento da orat\u00f3ria e do pensamento matem\u00e1tico&#8221;.<\/p>\n<p>Tamb\u00e9m participaram da programa\u00e7\u00e3o, o assessor de Planejamento e Gest\u00e3o, Matteus Martins, que falou sobre infraestrutura digital nas escolas; o superintendente de Gest\u00e3o da Informa\u00e7\u00e3o, Rainer Wendel Guimar\u00e3es, que abordou sobre sistemas de gest\u00e3o escolar.<\/p>\n<p>Fonte: Secom &#8211; GOV\/BA<\/p>\n","protected":false},"excerpt":{"rendered":"<p>A pr\u00e9-jornada pedag\u00f3gica, que est\u00e1 sendo realizada pela Secretaria da Educa\u00e7\u00e3o do Estado da Bahia (SEC), como parte do planejamento para o in\u00edcio do ano letivo 2020\/21, no dia 15 de mar\u00e7o, abordou, nesta ter\u00e7a-feira (3), a matr\u00edcula na rede estadual de ensino. Com transmiss\u00e3o pelo canal do Youtube Educa\u00e7\u00e3o Bahia e pela TV Educa [&hellip;]<\/p>\n","protected":false},"author":1,"featured_media":98599,"comment_status":"closed","ping_status":"closed","sticky":false,"template":"","format":"standard","meta":[],"categories":[212,28],"tags":[],"_links":{"self":[{"href":"https:\/\/blitzconquista.com.br\/index.php?rest_route=\/wp\/v2\/posts\/98595"}],"collection":[{"href":"https:\/\/blitzconquista.com.br\/index.php?rest_route=\/wp\/v2\/posts"}],"about":[{"href":"https:\/\/blitzconquista.com.br\/index.php?rest_route=\/wp\/v2\/types\/post"}],"author":[{"embeddable":true,"href":"https:\/\/blitzconquista.com.br\/index.php?rest_route=\/wp\/v2\/users\/1"}],"replies":[{"embeddable":true,"href":"https:\/\/blitzconquista.com.br\/index.php?rest_route=%2Fwp%2Fv2%2Fcomments&post=98595"}],"version-history":[{"count":1,"href":"https:\/\/blitzconquista.com.br\/index.php?rest_route=\/wp\/v2\/posts\/98595\/revisions"}],"predecessor-version":[{"id":98600,"href":"https:\/\/blitzconquista.com.br\/index.php?rest_route=\/wp\/v2\/posts\/98595\/revisions\/98600"}],"wp:featuredmedia":[{"embeddable":true,"href":"https:\/\/blitzconquista.com.br\/index.php?rest_route=\/wp\/v2\/media\/98599"}],"wp:attachment":[{"href":"https:\/\/blitzconquista.com.br\/index.php?rest_route=%2Fwp%2Fv2%2Fmedia&parent=98595"}],"wp:term":[{"taxonomy":"category","embeddable":true,"href":"https:\/\/blitzconquista.com.br\/index.php?rest_route=%2Fwp%2Fv2%2Fcategories&post=98595"},{"taxonomy":"post_tag","embeddable":true,"href":"https:\/\/blitzconquista.com.br\/index.php?rest_route=%2Fwp%2Fv2%2Ftags&post=98595"}],"curies":[{"name":"wp","href":"https:\/\/api.w.org\/{rel}","templated":true}]}}