{"id":98741,"date":"2021-03-08T09:13:49","date_gmt":"2021-03-08T12:13:49","guid":{"rendered":"http:\/\/blitzconquista.com.br\/?p=98741"},"modified":"2021-03-08T09:13:49","modified_gmt":"2021-03-08T12:13:49","slug":"na-chapada-diamantina-ba-prf-flagra-motorista-de-caminhao-com-arma-de-fogo-e-anfetamina-transportando-mercadoria-sem-nota-fiscal","status":"publish","type":"post","link":"https:\/\/blitzconquista.com.br\/?p=98741","title":{"rendered":"Na Chapada Diamantina (BA), PRF flagra motorista de caminh\u00e3o com arma de fogo e anfetamina transportando mercadoria sem nota fiscal"},"content":{"rendered":"<h3 class=\"documentDescription\" style=\"text-align: center;\">O homem relatou que havia sa\u00eddo de Pernambuco com destino ao Distrito Federal.<\/h3>\n<div id=\"viewlet-above-content-body\">\n<div id=\"plone-document-byline\" class=\"documentByLine\"><img decoding=\"async\" loading=\"lazy\" class=\"aligncenter size-full wp-image-98743\" src=\"http:\/\/blitzconquista.com.br\/wp-content\/uploads\/2021\/03\/PRF-Carga-sem-nota-anfetamina-e-arma-de-fogo-na-Chapada.jpeg\" alt=\"\" width=\"768\" height=\"576\" srcset=\"https:\/\/blitzconquista.com.br\/wp-content\/uploads\/2021\/03\/PRF-Carga-sem-nota-anfetamina-e-arma-de-fogo-na-Chapada.jpeg 768w, https:\/\/blitzconquista.com.br\/wp-content\/uploads\/2021\/03\/PRF-Carga-sem-nota-anfetamina-e-arma-de-fogo-na-Chapada-300x225.jpeg 300w, https:\/\/blitzconquista.com.br\/wp-content\/uploads\/2021\/03\/PRF-Carga-sem-nota-anfetamina-e-arma-de-fogo-na-Chapada-695x521.jpeg 695w, https:\/\/blitzconquista.com.br\/wp-content\/uploads\/2021\/03\/PRF-Carga-sem-nota-anfetamina-e-arma-de-fogo-na-Chapada-74x55.jpeg 74w, https:\/\/blitzconquista.com.br\/wp-content\/uploads\/2021\/03\/PRF-Carga-sem-nota-anfetamina-e-arma-de-fogo-na-Chapada-111x83.jpeg 111w, https:\/\/blitzconquista.com.br\/wp-content\/uploads\/2021\/03\/PRF-Carga-sem-nota-anfetamina-e-arma-de-fogo-na-Chapada-215x161.jpeg 215w\" sizes=\"(max-width: 768px) 100vw, 768px\" \/><\/div>\n<div id=\"media\"><\/div>\n<\/div>\n<div id=\"content-core\">\n<div id=\"parent-fieldname-text\" class=\"\">\n<div>\n<p>No final da tarde de ontem um motorista profissional de 37 anos foi preso pela Pol\u00edcia Rodovi\u00e1ria Federal (PRF). Com ele \u00e0 equipe encontrou um rev\u00f3lver e mais 41 muni\u00e7\u00f5es, al\u00e9m de comprimidos de anfetamina, medicamento que tem comercializa\u00e7\u00e3o proibida no Brasil.<\/p>\n<p>A a\u00e7\u00e3o foi registrada por volta das 17h, quando os PRFs fiscalizam o KM 408 da BR 242, trecho de Seabra (BA) e, abordaram uma combina\u00e7\u00e3o de ve\u00edculos para fiscaliza\u00e7\u00e3o. Durante o procedimento, os policiais desconfiaram das atitudes do condutor e aprofundaram as investiga\u00e7\u00f5es encontrando no interior do ve\u00edculo uma arma calibre .38 e as muni\u00e7\u00f5es. Al\u00e9m disso, o homem transportava 72 unidades de arrebite, medica\u00e7\u00e3o amplamente utilizada por profissionais do volante para inibir o sono causando diversas altera\u00e7\u00f5es no sistema nervoso central e at\u00e9 danos irrevers\u00edveis.<\/p>\n<p>Acrescenta-se ainda que o condutor n\u00e3o possu\u00eda nota fiscal da carga que transportava. Diante dos fatos, ele foi preso e encaminhado \u00e0 Delegacia de Pol\u00edcia Judici\u00e1ria local onde ser\u00e3o adotadas as medidas cab\u00edveis.<\/p>\n<p>Fonte: Assessoria de Comunica\u00e7\u00e3o da PRF-BA<\/p>\n<\/div>\n<\/div>\n<\/div>\n","protected":false},"excerpt":{"rendered":"<p>O homem relatou que havia sa\u00eddo de Pernambuco com destino ao Distrito Federal. No final da tarde de ontem um motorista profissional de 37 anos foi preso pela Pol\u00edcia Rodovi\u00e1ria Federal (PRF). Com ele \u00e0 equipe encontrou um rev\u00f3lver e mais 41 muni\u00e7\u00f5es, al\u00e9m de comprimidos de anfetamina, medicamento que tem comercializa\u00e7\u00e3o proibida no Brasil. [&hellip;]<\/p>\n","protected":false},"author":1,"featured_media":98743,"comment_status":"closed","ping_status":"closed","sticky":false,"template":"","format":"standard","meta":[],"categories":[3],"tags":[],"_links":{"self":[{"href":"https:\/\/blitzconquista.com.br\/index.php?rest_route=\/wp\/v2\/posts\/98741"}],"collection":[{"href":"https:\/\/blitzconquista.com.br\/index.php?rest_route=\/wp\/v2\/posts"}],"about":[{"href":"https:\/\/blitzconquista.com.br\/index.php?rest_route=\/wp\/v2\/types\/post"}],"author":[{"embeddable":true,"href":"https:\/\/blitzconquista.com.br\/index.php?rest_route=\/wp\/v2\/users\/1"}],"replies":[{"embeddable":true,"href":"https:\/\/blitzconquista.com.br\/index.php?rest_route=%2Fwp%2Fv2%2Fcomments&post=98741"}],"version-history":[{"count":1,"href":"https:\/\/blitzconquista.com.br\/index.php?rest_route=\/wp\/v2\/posts\/98741\/revisions"}],"predecessor-version":[{"id":98744,"href":"https:\/\/blitzconquista.com.br\/index.php?rest_route=\/wp\/v2\/posts\/98741\/revisions\/98744"}],"wp:featuredmedia":[{"embeddable":true,"href":"https:\/\/blitzconquista.com.br\/index.php?rest_route=\/wp\/v2\/media\/98743"}],"wp:attachment":[{"href":"https:\/\/blitzconquista.com.br\/index.php?rest_route=%2Fwp%2Fv2%2Fmedia&parent=98741"}],"wp:term":[{"taxonomy":"category","embeddable":true,"href":"https:\/\/blitzconquista.com.br\/index.php?rest_route=%2Fwp%2Fv2%2Fcategories&post=98741"},{"taxonomy":"post_tag","embeddable":true,"href":"https:\/\/blitzconquista.com.br\/index.php?rest_route=%2Fwp%2Fv2%2Ftags&post=98741"}],"curies":[{"name":"wp","href":"https:\/\/api.w.org\/{rel}","templated":true}]}}