{"id":98784,"date":"2021-03-09T02:52:27","date_gmt":"2021-03-09T05:52:27","guid":{"rendered":"http:\/\/blitzconquista.com.br\/?p=98784"},"modified":"2021-03-09T02:52:27","modified_gmt":"2021-03-09T05:52:27","slug":"individuo-e-detido-por-receptacao-de-veiculo-com-restricao-de-furto","status":"publish","type":"post","link":"https:\/\/blitzconquista.com.br\/?p=98784","title":{"rendered":"Indiv\u00edduo \u00e9 detido por recepta\u00e7\u00e3o de ve\u00edculo com restri\u00e7\u00e3o de furto"},"content":{"rendered":"<p><img decoding=\"async\" loading=\"lazy\" class=\"aligncenter size-full wp-image-98786\" src=\"http:\/\/blitzconquista.com.br\/wp-content\/uploads\/2021\/03\/Carro-Roubado-Editado.jpg\" alt=\"\" width=\"931\" height=\"709\" srcset=\"https:\/\/blitzconquista.com.br\/wp-content\/uploads\/2021\/03\/Carro-Roubado-Editado.jpg 931w, https:\/\/blitzconquista.com.br\/wp-content\/uploads\/2021\/03\/Carro-Roubado-Editado-300x228.jpg 300w, https:\/\/blitzconquista.com.br\/wp-content\/uploads\/2021\/03\/Carro-Roubado-Editado-695x529.jpg 695w, https:\/\/blitzconquista.com.br\/wp-content\/uploads\/2021\/03\/Carro-Roubado-Editado-768x585.jpg 768w, https:\/\/blitzconquista.com.br\/wp-content\/uploads\/2021\/03\/Carro-Roubado-Editado-74x55.jpg 74w\" sizes=\"(max-width: 931px) 100vw, 931px\" \/><\/p>\n<p><span data-contrast=\"auto\">Na\u00a0tarde desta segunda-feira (9), policiais da\u00a0<\/span><span data-contrast=\"auto\">Rondesp<\/span><span data-contrast=\"auto\">\u00a0recuperaram um ve\u00edculo com registro de roubo, na zona oeste de Vit\u00f3ria da Conquista.<\/span><span data-ccp-props=\"{&quot;201341983&quot;:0,&quot;335551550&quot;:1,&quot;335551620&quot;:1,&quot;335559739&quot;:160,&quot;335559740&quot;:259}\">\u00a0<\/span><\/p>\n<p><span data-contrast=\"auto\">A guarni\u00e7\u00e3o realizava rondas na regi\u00e3o, quando abordaram o ve\u00edculo. Ap\u00f3s consulta ao sistema, foi constatado que se tratava de um carro pertencente a uma locadora e que havia registro de furto do mesmo em outro estado. <\/span><span data-ccp-props=\"{&quot;201341983&quot;:0,&quot;335551550&quot;:1,&quot;335551620&quot;:1,&quot;335559739&quot;:160,&quot;335559740&quot;:259}\">\u00a0<\/span><\/p>\n<p><span data-contrast=\"auto\">O autom\u00f3vel e seu ocupante foram apresentados no plant\u00e3o da<\/span><span data-contrast=\"auto\">\u00a0<\/span><span data-contrast=\"none\">10\u00aa<\/span><span data-contrast=\"none\">\u00a0Coordenadoria Regional de Pol\u00edcia do Interior (<\/span><span data-contrast=\"none\">Coorpin)<\/span><\/p>\n","protected":false},"excerpt":{"rendered":"<p>Na\u00a0tarde desta segunda-feira (9), policiais da\u00a0Rondesp\u00a0recuperaram um ve\u00edculo com registro de roubo, na zona oeste de Vit\u00f3ria da Conquista.\u00a0 A guarni\u00e7\u00e3o realizava rondas na regi\u00e3o, quando abordaram o ve\u00edculo. Ap\u00f3s consulta ao sistema, foi constatado que se tratava de um carro pertencente a uma locadora e que havia registro de furto do mesmo em outro [&hellip;]<\/p>\n","protected":false},"author":1,"featured_media":98786,"comment_status":"closed","ping_status":"closed","sticky":false,"template":"","format":"standard","meta":[],"categories":[3],"tags":[],"_links":{"self":[{"href":"https:\/\/blitzconquista.com.br\/index.php?rest_route=\/wp\/v2\/posts\/98784"}],"collection":[{"href":"https:\/\/blitzconquista.com.br\/index.php?rest_route=\/wp\/v2\/posts"}],"about":[{"href":"https:\/\/blitzconquista.com.br\/index.php?rest_route=\/wp\/v2\/types\/post"}],"author":[{"embeddable":true,"href":"https:\/\/blitzconquista.com.br\/index.php?rest_route=\/wp\/v2\/users\/1"}],"replies":[{"embeddable":true,"href":"https:\/\/blitzconquista.com.br\/index.php?rest_route=%2Fwp%2Fv2%2Fcomments&post=98784"}],"version-history":[{"count":1,"href":"https:\/\/blitzconquista.com.br\/index.php?rest_route=\/wp\/v2\/posts\/98784\/revisions"}],"predecessor-version":[{"id":98787,"href":"https:\/\/blitzconquista.com.br\/index.php?rest_route=\/wp\/v2\/posts\/98784\/revisions\/98787"}],"wp:featuredmedia":[{"embeddable":true,"href":"https:\/\/blitzconquista.com.br\/index.php?rest_route=\/wp\/v2\/media\/98786"}],"wp:attachment":[{"href":"https:\/\/blitzconquista.com.br\/index.php?rest_route=%2Fwp%2Fv2%2Fmedia&parent=98784"}],"wp:term":[{"taxonomy":"category","embeddable":true,"href":"https:\/\/blitzconquista.com.br\/index.php?rest_route=%2Fwp%2Fv2%2Fcategories&post=98784"},{"taxonomy":"post_tag","embeddable":true,"href":"https:\/\/blitzconquista.com.br\/index.php?rest_route=%2Fwp%2Fv2%2Ftags&post=98784"}],"curies":[{"name":"wp","href":"https:\/\/api.w.org\/{rel}","templated":true}]}}