{"id":99299,"date":"2021-03-19T08:46:56","date_gmt":"2021-03-19T11:46:56","guid":{"rendered":"http:\/\/blitzconquista.com.br\/?p=99299"},"modified":"2021-03-19T08:46:56","modified_gmt":"2021-03-19T11:46:56","slug":"herzem-gusmao-morre-de-complicacoes-da-covid-19","status":"publish","type":"post","link":"https:\/\/blitzconquista.com.br\/?p=99299","title":{"rendered":"Herzem Gusm\u00e3o morre de complica\u00e7\u00f5es da covid-19"},"content":{"rendered":"<p>Depois de uma intensa luta pela vida, morreu na noite desta quinta-feira (18) o prefeito de Vit\u00f3ria da Conquista, Herzem Gusm\u00e3o.<\/p>\n<p>Ele deixou esposa, tr\u00eas filhos e um legado gigante para o jornalismo e a comunica\u00e7\u00e3o na regi\u00e3o. Foram mais de 40 anos de r\u00e1dio, atrav\u00e9s de seu programa\u00a0 &#8220;Resenha Geral&#8221;, onde se destacou fazendo o que parecia mais gostar: falar de pol\u00edtica.<\/p>\n<p>Antes mesmo de assumir o cargo de prefeito para um segundo mandato, contraiu o v\u00edrus da covid-19. Precisou de interna\u00e7\u00e3o hospitalar devido a complica\u00e7\u00f5es e, desde ent\u00e3o, n\u00e3o retornou ao conv\u00edvio social. Ap\u00f3s agravamento do quadro cl\u00ednico, foi levado para S\u00e3o Paulo, onde permaneceu at\u00e9 n\u00e3o mais responder ao tratamento.<\/p>\n<p>Aos familiares e amigos, nossos sentimentos pela partida de quem tanto foi amado nesta &#8220;Joia do Sert\u00e3o&#8221;, que Herzem tanto se orgulhava.<\/p>\n<p><iframe loading=\"lazy\" title=\"Herzem Not\u00edcia Falecimento TV UESB\" width=\"1320\" height=\"743\" src=\"https:\/\/www.youtube.com\/embed\/x8HXjjfGU54?feature=oembed\" frameborder=\"0\" allow=\"accelerometer; autoplay; clipboard-write; encrypted-media; gyroscope; picture-in-picture\" allowfullscreen><\/iframe><\/p>\n","protected":false},"excerpt":{"rendered":"<p>Depois de uma intensa luta pela vida, morreu na noite desta quinta-feira (18) o prefeito de Vit\u00f3ria da Conquista, Herzem Gusm\u00e3o. Ele deixou esposa, tr\u00eas filhos e um legado gigante para o jornalismo e a comunica\u00e7\u00e3o na regi\u00e3o. Foram mais de 40 anos de r\u00e1dio, atrav\u00e9s de seu programa\u00a0 &#8220;Resenha Geral&#8221;, onde se destacou fazendo [&hellip;]<\/p>\n","protected":false},"author":1,"featured_media":99302,"comment_status":"closed","ping_status":"closed","sticky":false,"template":"","format":"standard","meta":[],"categories":[212,29],"tags":[],"_links":{"self":[{"href":"https:\/\/blitzconquista.com.br\/index.php?rest_route=\/wp\/v2\/posts\/99299"}],"collection":[{"href":"https:\/\/blitzconquista.com.br\/index.php?rest_route=\/wp\/v2\/posts"}],"about":[{"href":"https:\/\/blitzconquista.com.br\/index.php?rest_route=\/wp\/v2\/types\/post"}],"author":[{"embeddable":true,"href":"https:\/\/blitzconquista.com.br\/index.php?rest_route=\/wp\/v2\/users\/1"}],"replies":[{"embeddable":true,"href":"https:\/\/blitzconquista.com.br\/index.php?rest_route=%2Fwp%2Fv2%2Fcomments&post=99299"}],"version-history":[{"count":1,"href":"https:\/\/blitzconquista.com.br\/index.php?rest_route=\/wp\/v2\/posts\/99299\/revisions"}],"predecessor-version":[{"id":99303,"href":"https:\/\/blitzconquista.com.br\/index.php?rest_route=\/wp\/v2\/posts\/99299\/revisions\/99303"}],"wp:featuredmedia":[{"embeddable":true,"href":"https:\/\/blitzconquista.com.br\/index.php?rest_route=\/wp\/v2\/media\/99302"}],"wp:attachment":[{"href":"https:\/\/blitzconquista.com.br\/index.php?rest_route=%2Fwp%2Fv2%2Fmedia&parent=99299"}],"wp:term":[{"taxonomy":"category","embeddable":true,"href":"https:\/\/blitzconquista.com.br\/index.php?rest_route=%2Fwp%2Fv2%2Fcategories&post=99299"},{"taxonomy":"post_tag","embeddable":true,"href":"https:\/\/blitzconquista.com.br\/index.php?rest_route=%2Fwp%2Fv2%2Ftags&post=99299"}],"curies":[{"name":"wp","href":"https:\/\/api.w.org\/{rel}","templated":true}]}}