{"id":99327,"date":"2021-03-19T15:38:20","date_gmt":"2021-03-19T18:38:20","guid":{"rendered":"http:\/\/blitzconquista.com.br\/?p=99327"},"modified":"2021-03-19T15:38:20","modified_gmt":"2021-03-19T18:38:20","slug":"os-documentos-que-chamam-bolsonaro-de-genocida","status":"publish","type":"post","link":"https:\/\/blitzconquista.com.br\/?p=99327","title":{"rendered":"Os documentos que chamam Bolsonaro de genocida"},"content":{"rendered":"<p>Por <a href=\"https:\/\/mailchi.mp\/apublica\/os-documentos-que-chamam-bolsonaro-de-genocida?e=da8ffab0f6\">AG\u00caNCIA P\u00daBLICA\/<strong>Natalia Viana<\/strong><\/a><br \/>\nNesta semana, o Youtuber Felipe Neto, personalidade mais influente da internet brasileira, foi intimado para depor \u00e0 PF por \u201cCrimes contra a Seguran\u00e7a Nacional\u201d por ter chamado o presidente Bolsonaro de genocida durante uma live. O Youtuber foi imediatamente \u00e0s redes, causando um frisson que levou v\u00e1rias outras celebridades \u2013 como a cantora Teresa Cristina \u2013 a chamar Bolsonaro de genocida.<\/p>\n<p>A investiga\u00e7\u00e3o, suspensa poucos dias depois pela 38\u00aa Vara Criminal do Rio, foi iniciada por delegado da pol\u00edcia civil que j\u00e1 havia indiciado o artista carioca Diadorim por uma performance publicada no Instagram em que segurava a cabe\u00e7a de Bolsonaro. Est\u00e1 claro que a a\u00e7\u00e3o do delegado \u00e9 mais uma iniciativa da esfera bolsonarista \u2013 n\u00e3o se sabe at\u00e9 que ponto articuladas pelo n\u00facleo duro do presidente \u2013 em rea\u00e7\u00e3o \u00e0 pris\u00e3o do deputado Daniel Silveira pelo STF.<\/p>\n<p>Mas Bolsonaro n\u00e3o precisaria olhar t\u00e3o longe para encontrar quem o chame de genocida. Descansam na mesa do presidente da C\u00e2mara dos Deputados, Arthur Lira, pelo menos sete pedidos de impeachment que atribuem a mesma qualidade ao ex-capit\u00e3o. Como h\u00e1 74 pedidos contra Bolsonaro, recordista absoluto na rep\u00fablica brasileira, isso significa quase 10% do total.<\/p>\n<p>O 62\u00ba pedido de impeachment contra Jair Bolsonaro, por exemplo, cita &#8220;genoc\u00eddio&#8221; como causa principal. &#8220;\u00c9 genoc\u00eddio, ele entregou a na\u00e7\u00e3o brasileira, abriu as portas para o v\u00edrus. Ele cruzou os bra\u00e7os, n\u00e3o quis combater&#8221;, disse o autor \u00e0 nossa rep\u00f3rter.<\/p>\n<p>J\u00e1 o pedido de impeachment da Coaliz\u00e3o Negra por Direitos\u00a0\u2013 o 53\u00ba a ser protocolado \u2013 tamb\u00e9m argumenta sobre o \u201cgenoc\u00eddio\u201d. \u201cNo contexto da pandemia, a atua\u00e7\u00e3o do presidente da Rep\u00fablica gerou provas expl\u00edcitas de pr\u00e1ticas genocidas\u201d, diz um dos autores.<\/p>\n<p>\u201cGenoc\u00eddio\u201d tamb\u00e9m \u00e9 a raz\u00e3o apontada por diversas den\u00fancias protocoladas no Tribunal Penal Internacional em Haia contra o presidente. Em dezembro do ano passado, a procuradoria do Tribunal Penal Internacional (TPI), em Haia,\u00a0revelou que est\u00e1 \u201cexaminando\u201d a den\u00fancia feita pela\u00a0Comiss\u00e3o Arns por conta das a\u00e7\u00f5es contra povos ind\u00edgenas, que o acusava de \u201cincitar o genoc\u00eddio\u201d e \u201cpromover ataques sistem\u00e1ticos contra os povos ind\u00edgenas\u201d. Outra queixa assinada por 60 organiza\u00e7\u00f5es de profissionais de sa\u00fade e movimentos sociais denuncia Bolsonaro por \u201cfalhas graves e mortais\u201d na resposta \u00e0 pandemia de coronav\u00edrus no pa\u00eds. O documento pede a sua condena\u00e7\u00e3o por genoc\u00eddio por se ter recusado a proteger as minorias no pa\u00eds. Detalhe: a queixa foi escrita quando o pa\u00eds tinha 87 mil mortos. Hoje, nos aproximamos dos 300 mil. No total, Bolsonaro \u00e9 alvo de cinco den\u00fancias no TPI, a mais recente protocolada pelos caciques Raoni Metuktire e Almir Suru\u00ed.<\/p>\n<p>Nesse contexto, o que surpreende n\u00e3o \u00e9 que alguns jornalistas e formadores de opini\u00e3o usem o termo \u201cgenocida\u201d para falar de Bolsonaro \u2013\u00a0cuja condu\u00e7\u00e3o na pandemia transformou o pa\u00eds em uma amea\u00e7a internacional e s\u00f3 causou mais vexame com uma nova troca de Ministro da Sa\u00fade no momento em que o pa\u00eds concentra 1\/5 das mortes no mundo.<\/p>\n<p>Mas, sim, que apenas 54% da popula\u00e7\u00e3o acredite que a condu\u00e7\u00e3o da pandemia por Bolsonaro seja ruim ou p\u00e9ssima, segundo o Datafolha. Para 22%, a condu\u00e7\u00e3o do governo da pandemia \u00e9 boa ou \u00f3tima.<\/p>\n<p>Sinal de que a \u201cesfera p\u00fablica alternativa\u201d, termo cunhado pelo fil\u00f3sofo Marcos Nobre para designar a verdadeira m\u00e1quina criada por Bolsonaro para espalhar desinforma\u00e7\u00e3o sobre quase tudo, inclusive sobre a Covid-19, continua de vento em popa.<\/p>\n<p><img decoding=\"async\" loading=\"lazy\" class=\"size-full wp-image-99330 alignright\" src=\"http:\/\/blitzconquista.com.br\/wp-content\/uploads\/2021\/03\/PUBLICA-selonovo.png\" alt=\"\" width=\"169\" height=\"42\" \/><strong>Natalia Viana, co-diretora da\u00a0Ag\u00eancia P\u00fablica\u00a0<\/strong><\/p>\n","protected":false},"excerpt":{"rendered":"<p>Por AG\u00caNCIA P\u00daBLICA\/Natalia Viana Nesta semana, o Youtuber Felipe Neto, personalidade mais influente da internet brasileira, foi intimado para depor \u00e0 PF por \u201cCrimes contra a Seguran\u00e7a Nacional\u201d por ter chamado o presidente Bolsonaro de genocida durante uma live. O Youtuber foi imediatamente \u00e0s redes, causando um frisson que levou v\u00e1rias outras celebridades \u2013 como [&hellip;]<\/p>\n","protected":false},"author":1,"featured_media":99331,"comment_status":"closed","ping_status":"closed","sticky":false,"template":"","format":"standard","meta":[],"categories":[212,5],"tags":[],"_links":{"self":[{"href":"https:\/\/blitzconquista.com.br\/index.php?rest_route=\/wp\/v2\/posts\/99327"}],"collection":[{"href":"https:\/\/blitzconquista.com.br\/index.php?rest_route=\/wp\/v2\/posts"}],"about":[{"href":"https:\/\/blitzconquista.com.br\/index.php?rest_route=\/wp\/v2\/types\/post"}],"author":[{"embeddable":true,"href":"https:\/\/blitzconquista.com.br\/index.php?rest_route=\/wp\/v2\/users\/1"}],"replies":[{"embeddable":true,"href":"https:\/\/blitzconquista.com.br\/index.php?rest_route=%2Fwp%2Fv2%2Fcomments&post=99327"}],"version-history":[{"count":1,"href":"https:\/\/blitzconquista.com.br\/index.php?rest_route=\/wp\/v2\/posts\/99327\/revisions"}],"predecessor-version":[{"id":99332,"href":"https:\/\/blitzconquista.com.br\/index.php?rest_route=\/wp\/v2\/posts\/99327\/revisions\/99332"}],"wp:featuredmedia":[{"embeddable":true,"href":"https:\/\/blitzconquista.com.br\/index.php?rest_route=\/wp\/v2\/media\/99331"}],"wp:attachment":[{"href":"https:\/\/blitzconquista.com.br\/index.php?rest_route=%2Fwp%2Fv2%2Fmedia&parent=99327"}],"wp:term":[{"taxonomy":"category","embeddable":true,"href":"https:\/\/blitzconquista.com.br\/index.php?rest_route=%2Fwp%2Fv2%2Fcategories&post=99327"},{"taxonomy":"post_tag","embeddable":true,"href":"https:\/\/blitzconquista.com.br\/index.php?rest_route=%2Fwp%2Fv2%2Ftags&post=99327"}],"curies":[{"name":"wp","href":"https:\/\/api.w.org\/{rel}","templated":true}]}}