{"id":99354,"date":"2021-03-19T22:29:08","date_gmt":"2021-03-20T01:29:08","guid":{"rendered":"http:\/\/blitzconquista.com.br\/?p=99354"},"modified":"2021-03-19T22:29:08","modified_gmt":"2021-03-20T01:29:08","slug":"governadores-do-nordeste-assinam-nota-criticando-presidente-por-pedir-suspensao-de-medidas-de-combate-a-covid-em-tres-estados","status":"publish","type":"post","link":"https:\/\/blitzconquista.com.br\/?p=99354","title":{"rendered":"Governadores do Nordeste assinam nota criticando presidente por pedir suspens\u00e3o de medidas de combate \u00e0 Covid em tr\u00eas estados"},"content":{"rendered":"<p><img decoding=\"async\" loading=\"lazy\" class=\"aligncenter  wp-image-99366\" src=\"http:\/\/blitzconquista.com.br\/wp-content\/uploads\/2021\/03\/Consorcio-Nordeste-Governadores-Estados.jpg\" alt=\"\" width=\"547\" height=\"441\" srcset=\"https:\/\/blitzconquista.com.br\/wp-content\/uploads\/2021\/03\/Consorcio-Nordeste-Governadores-Estados.jpg 569w, https:\/\/blitzconquista.com.br\/wp-content\/uploads\/2021\/03\/Consorcio-Nordeste-Governadores-Estados-300x242.jpg 300w, https:\/\/blitzconquista.com.br\/wp-content\/uploads\/2021\/03\/Consorcio-Nordeste-Governadores-Estados-260x210.jpg 260w\" sizes=\"(max-width: 547px) 100vw, 547px\" \/><\/p>\n<p>O governador baiano Rui Costa \u00e9 um dos signat\u00e1rios da nota p\u00fablica divulgada, nesta sexta-feira (19), pelo Cons\u00f3rcio dos Governadores do Nordeste, criticando o pedido do presidente da Rep\u00fablica para suspens\u00e3o das medidas restritivas adotadas por tr\u00eas unidades da federa\u00e7\u00e3o (Bahia, Rio Grande do Sul e Distrito Federal) para combater a dissemina\u00e7\u00e3o do coronav\u00edrus. \u201cCom muita surpresa, recebemos a not\u00edcia de que o presidente da Rep\u00fablica prop\u00f4s a\u00e7\u00e3o judicial contramedidas preventivas decretadas por 3 governadores, entre os quais o da Bahia\u201d, diz o texto.<\/p>\n<p>Todos os nove governadores nordestinos que assinam a nota refor\u00e7am ainda que as medidas visam evitar colapso do sistema hospitalar e foram editadas com amparo no artigo 23 da Constitui\u00e7\u00e3o Federal, conforme jurisprud\u00eancia do Supremo Tribunal Federal (STF).<\/p>\n<p>\u201cMais uma vez convidamos o presidente da Rep\u00fablica a somar for\u00e7as na luta contra o coronav\u00edrus, que tem trazido tantas mortes e sofrimentos. E reiteramos que s\u00f3 existe uma formar de proteger a economia e os empregos: enfrentar e vencer a pandemia\u201d, acrescenta o texto.<\/p>\n<p>Lembram tamb\u00e9m que j\u00e1 fizeram uma proposta de um Pacto Nacional pela Vida e pela Sa\u00fade e continuam aguardando a resposta do presidente da Rep\u00fablica. \u201cManifestamos a nossa solidariedade aos governadores atingidos pela inusitada a\u00e7\u00e3o judicial. Somos a favor da Vida, da Sa\u00fade e dos Empregos\u201d.<\/p>\n<p>Al\u00e9m de Rui Costa e do presidente do Cons\u00f3rcio dos Governadores, Wellington Dias (Piau\u00ed), assinam a nota Renan Calheiros Filho (Alagoas), Camilo Santana (Cear\u00e1), Fl\u00e1vio Dino (Maranh\u00e3o), Jo\u00e3o Azevedo (Para\u00edba), Paulo C\u00e2mara (Pernambuco), F\u00e1tima Bezerra (Rio Grande do Norte) e Belivaldo Chagas (Sergipe).<\/p>\n<p><iframe loading=\"lazy\" src=\"http:\/\/blitzconquista.com.br\/wp-content\/uploads\/2021\/03\/Nota-Oficial_19mar2021.pdf\" width=\"280%\" height=\"1100\"><\/iframe><\/p>\n","protected":false},"excerpt":{"rendered":"<p>O governador baiano Rui Costa \u00e9 um dos signat\u00e1rios da nota p\u00fablica divulgada, nesta sexta-feira (19), pelo Cons\u00f3rcio dos Governadores do Nordeste, criticando o pedido do presidente da Rep\u00fablica para suspens\u00e3o das medidas restritivas adotadas por tr\u00eas unidades da federa\u00e7\u00e3o (Bahia, Rio Grande do Sul e Distrito Federal) para combater a dissemina\u00e7\u00e3o do coronav\u00edrus. \u201cCom [&hellip;]<\/p>\n","protected":false},"author":1,"featured_media":99366,"comment_status":"closed","ping_status":"closed","sticky":false,"template":"","format":"standard","meta":[],"categories":[1,212,30],"tags":[],"_links":{"self":[{"href":"https:\/\/blitzconquista.com.br\/index.php?rest_route=\/wp\/v2\/posts\/99354"}],"collection":[{"href":"https:\/\/blitzconquista.com.br\/index.php?rest_route=\/wp\/v2\/posts"}],"about":[{"href":"https:\/\/blitzconquista.com.br\/index.php?rest_route=\/wp\/v2\/types\/post"}],"author":[{"embeddable":true,"href":"https:\/\/blitzconquista.com.br\/index.php?rest_route=\/wp\/v2\/users\/1"}],"replies":[{"embeddable":true,"href":"https:\/\/blitzconquista.com.br\/index.php?rest_route=%2Fwp%2Fv2%2Fcomments&post=99354"}],"version-history":[{"count":5,"href":"https:\/\/blitzconquista.com.br\/index.php?rest_route=\/wp\/v2\/posts\/99354\/revisions"}],"predecessor-version":[{"id":99367,"href":"https:\/\/blitzconquista.com.br\/index.php?rest_route=\/wp\/v2\/posts\/99354\/revisions\/99367"}],"wp:featuredmedia":[{"embeddable":true,"href":"https:\/\/blitzconquista.com.br\/index.php?rest_route=\/wp\/v2\/media\/99366"}],"wp:attachment":[{"href":"https:\/\/blitzconquista.com.br\/index.php?rest_route=%2Fwp%2Fv2%2Fmedia&parent=99354"}],"wp:term":[{"taxonomy":"category","embeddable":true,"href":"https:\/\/blitzconquista.com.br\/index.php?rest_route=%2Fwp%2Fv2%2Fcategories&post=99354"},{"taxonomy":"post_tag","embeddable":true,"href":"https:\/\/blitzconquista.com.br\/index.php?rest_route=%2Fwp%2Fv2%2Ftags&post=99354"}],"curies":[{"name":"wp","href":"https:\/\/api.w.org\/{rel}","templated":true}]}}