{"id":99424,"date":"2021-03-21T20:09:08","date_gmt":"2021-03-21T23:09:08","guid":{"rendered":"http:\/\/blitzconquista.com.br\/?p=99424"},"modified":"2021-03-21T20:09:08","modified_gmt":"2021-03-21T23:09:08","slug":"integrantes-de-faccao-criminosa-sao-presos-na-br-101-com-armas-de-fogo-e-drogas","status":"publish","type":"post","link":"https:\/\/blitzconquista.com.br\/?p=99424","title":{"rendered":"Integrantes de fac\u00e7\u00e3o criminosa s\u00e3o presos na BR 101 com armas de fogo e drogas"},"content":{"rendered":"<div id=\"viewlet-above-content-body\">\n<div id=\"media\">\n<p class=\"discreet\"><img decoding=\"async\" loading=\"lazy\" class=\"aligncenter size-full wp-image-99427\" src=\"http:\/\/blitzconquista.com.br\/wp-content\/uploads\/2021\/03\/PRF-Integrantes-de-Faccao-e-Drogas.jpeg\" alt=\"\" width=\"768\" height=\"576\" srcset=\"https:\/\/blitzconquista.com.br\/wp-content\/uploads\/2021\/03\/PRF-Integrantes-de-Faccao-e-Drogas.jpeg 768w, https:\/\/blitzconquista.com.br\/wp-content\/uploads\/2021\/03\/PRF-Integrantes-de-Faccao-e-Drogas-300x225.jpeg 300w, https:\/\/blitzconquista.com.br\/wp-content\/uploads\/2021\/03\/PRF-Integrantes-de-Faccao-e-Drogas-695x521.jpeg 695w, https:\/\/blitzconquista.com.br\/wp-content\/uploads\/2021\/03\/PRF-Integrantes-de-Faccao-e-Drogas-74x55.jpeg 74w, https:\/\/blitzconquista.com.br\/wp-content\/uploads\/2021\/03\/PRF-Integrantes-de-Faccao-e-Drogas-111x83.jpeg 111w, https:\/\/blitzconquista.com.br\/wp-content\/uploads\/2021\/03\/PRF-Integrantes-de-Faccao-e-Drogas-215x161.jpeg 215w\" sizes=\"(max-width: 768px) 100vw, 768px\" \/><\/p>\n<\/div>\n<\/div>\n<div id=\"content-core\">\n<div id=\"parent-fieldname-text\" class=\"\">\n<div>\n<p align=\"justify\">A Pol\u00edcia Rodovi\u00e1ria Federal (PRF) em a\u00e7\u00e3o conjunta com a Pol\u00edcia Civil da Bahia (PCBA) prendeu tr\u00eas homens de 23, 21 e 19 anos de idade e apreendeu tr\u00eas armas de fogo, 502 gramas de maconha e mais uma por\u00e7\u00e3o de crack na BR 101, trecho do munic\u00edpio de Eun\u00e1polis (BA). A a\u00e7\u00e3o aconteceu na tarde deste s\u00e1bado (20), durante fiscaliza\u00e7\u00e3o de combate a criminalidade.<\/p>\n<p align=\"justify\">Tudo come\u00e7ou ap\u00f3s recebimento de informa\u00e7\u00e3o repassada pela Pol\u00edcia Civil (PC) sobre um Gol de cor prata e com placas de S\u00e3o Paulo que estaria sendo utilizado por membros de uma fac\u00e7\u00e3o criminosa para o transporte de il\u00edcitos.<\/p>\n<p align=\"justify\">Prontamente, os policiais diligenciaram e visualizaram o ve\u00edculo suspeito na altura do quil\u00f4metro 718 da rodovia, quando foi dada ordem de parada para uma fiscaliza\u00e7\u00e3o detalhada.<\/p>\n<p align=\"justify\">Em raz\u00e3o da fundada suspeita, foi realizada a revista pessoal e busca no interior do carro, quando foi encontrado um rev\u00f3lver cal. 38, duas espingardas cal. 12, 502 g (quinhentas e duas gramas) de maconha e mais uma pequena por\u00e7\u00e3o de crack.<\/p>\n<p align=\"justify\">Os policiais ao identificar todos eles constataram que pertenciam a uma fac\u00e7\u00e3o criminosa denominada \u201cPCE\u201d que atua na regi\u00e3o do Extremo Sul da Bahia, respons\u00e1vel pela pr\u00e1tica de diversos crimes.<\/p>\n<p align=\"justify\">Diante das circunst\u00e2ncias, foi dada voz de pris\u00e3o aos indiv\u00edduos e eles foram conduzidos \u00e0 Delegacia de Pol\u00edcia Judici\u00e1ria, para formaliza\u00e7\u00e3o do flagrante e demais procedimentos cab\u00edveis.<\/p>\n<p align=\"justify\">A PRF alerta que o enfrentamento \u00e0 criminalidade foi intensificado nesse per\u00edodo para evitar assaltos, porte ilegal de arma, recepta\u00e7\u00e3o de ve\u00edculo roubado, contrabando, tr\u00e1fico de entorpecentes e demais il\u00edcitos penais.<\/p>\n<h3 align=\"justify\">Para visualizar o v\u00eddeo da ocorr\u00eancia, CLIQUE NO LINK:\u00a0<a class=\"external-link\" title=\"https:\/\/youtu.be\/2iwjpGlrgZQ\" href=\"https:\/\/youtu.be\/2iwjpGlrgZQ\" target=\"_self\" data-tippreview-enabled=\"false\" data-tippreview-image=\"\" data-tippreview-title=\"\" rel=\"noopener\">https:\/\/youtu.be\/2iwjpGlrgZQ<\/a><\/h3>\n<p>Fonte: Assessoria de Comunica\u00e7\u00e3o da PRF-BA<\/p>\n<\/div>\n<\/div>\n<\/div>\n","protected":false},"excerpt":{"rendered":"<p>A Pol\u00edcia Rodovi\u00e1ria Federal (PRF) em a\u00e7\u00e3o conjunta com a Pol\u00edcia Civil da Bahia (PCBA) prendeu tr\u00eas homens de 23, 21 e 19 anos de idade e apreendeu tr\u00eas armas de fogo, 502 gramas de maconha e mais uma por\u00e7\u00e3o de crack na BR 101, trecho do munic\u00edpio de Eun\u00e1polis (BA). A a\u00e7\u00e3o aconteceu na [&hellip;]<\/p>\n","protected":false},"author":1,"featured_media":99427,"comment_status":"closed","ping_status":"closed","sticky":false,"template":"","format":"standard","meta":[],"categories":[3],"tags":[],"_links":{"self":[{"href":"https:\/\/blitzconquista.com.br\/index.php?rest_route=\/wp\/v2\/posts\/99424"}],"collection":[{"href":"https:\/\/blitzconquista.com.br\/index.php?rest_route=\/wp\/v2\/posts"}],"about":[{"href":"https:\/\/blitzconquista.com.br\/index.php?rest_route=\/wp\/v2\/types\/post"}],"author":[{"embeddable":true,"href":"https:\/\/blitzconquista.com.br\/index.php?rest_route=\/wp\/v2\/users\/1"}],"replies":[{"embeddable":true,"href":"https:\/\/blitzconquista.com.br\/index.php?rest_route=%2Fwp%2Fv2%2Fcomments&post=99424"}],"version-history":[{"count":1,"href":"https:\/\/blitzconquista.com.br\/index.php?rest_route=\/wp\/v2\/posts\/99424\/revisions"}],"predecessor-version":[{"id":99428,"href":"https:\/\/blitzconquista.com.br\/index.php?rest_route=\/wp\/v2\/posts\/99424\/revisions\/99428"}],"wp:featuredmedia":[{"embeddable":true,"href":"https:\/\/blitzconquista.com.br\/index.php?rest_route=\/wp\/v2\/media\/99427"}],"wp:attachment":[{"href":"https:\/\/blitzconquista.com.br\/index.php?rest_route=%2Fwp%2Fv2%2Fmedia&parent=99424"}],"wp:term":[{"taxonomy":"category","embeddable":true,"href":"https:\/\/blitzconquista.com.br\/index.php?rest_route=%2Fwp%2Fv2%2Fcategories&post=99424"},{"taxonomy":"post_tag","embeddable":true,"href":"https:\/\/blitzconquista.com.br\/index.php?rest_route=%2Fwp%2Fv2%2Ftags&post=99424"}],"curies":[{"name":"wp","href":"https:\/\/api.w.org\/{rel}","templated":true}]}}